{"id":8928,"date":"2023-04-20T15:21:41","date_gmt":"2023-04-20T13:21:41","guid":{"rendered":"https:\/\/thouvenin.com\/?p=8928"},"modified":"2023-04-20T15:22:55","modified_gmt":"2023-04-20T13:22:55","slug":"chambers-europe-2023-thouvenin-rechtsanwaelte-and-two-lawyers-again-ranked","status":"publish","type":"post","link":"https:\/\/thouvenin.com\/en\/chambers-europe-2023-thouvenin-rechtsanwaelte-and-two-lawyers-again-ranked\/","title":{"rendered":"Chambers Europe 2023: Thouvenin Rechtsanw\u00e4lte and two Lawyers again ranked"},"content":{"rendered":"<p>Our employment practice group and Thomas Loher are once again ranked in Chambers Europe. Chambers is the world\u2019s leading legal market analyst.<\/p>\n<p>According to Chambers: <em>\u201eThe team supports its clients in all areas of employment law: it advises on employment and dismissal, prepares employee regulations and is also experienced in bonus and employee participation schemes. For labour law issues related to M&amp;A transactions and restructuring (including collective redundancies) or for the secondment of international employees the team identifies and implements the suitable solution, if needed in close cooperation with foreign specialists from its global network of law firms. The team advises Swiss and foreign companies and private individuals on migration law and related matters, including personnel leasing. The team builds on an established practice in the location of companies and individuals in Switzerland (including UHNWI and family members), both from EU\/EFTA and non-EU\/ EFTA countries. The team advises and litigates both for employers and employees.&#8221;<\/em> A client comments: <em>\u201eThe team members provide high-quality advice,\u201c<\/em> and \u201ethey definitely value long-term partnerships\u201c.<\/p>\n<p>Furthermore, Thomas Loher is individually ranked in Employment and praised as follows: <em>\u201cThomas Loher boasts expertise in employment disputes, transfers of undertakings and compensation schemes. He acts for employers and top-level managers.&#8221;<\/em> One client enthuses: <em>\u201cHe is technically very sound with lots of experience and a very good skill set,\u201d<\/em> and adds: <em>\u201cHe is a good and calm advisor and is also realistic.\u201d<\/em> Furthermore<em> &#8220;Thomas Loher is approachable with a deep understanding of the market and a very pragmatic approach. His style, his knowledge and approach are by far above the benchmark.&#8221;<\/em><\/p>\n<p>&nbsp;<\/p>\n<p>The full coverage of Chambers Europe 2023 can be found here:<br \/>\n<a href=\"https:\/\/chambers.com\/law-firm\/thouvenin-rechtsanwalte-klg-europe-7:138681\">https:\/\/chambers.com\/law-firm\/thouvenin-rechtsanwalte-klg-europe-7:138681<\/a><\/p>\n","protected":false},"excerpt":{"rendered":"<p>Chambers Europe 2023: Thouvenin Rechtsanw\u00e4lte and two Lawyers again ranked<\/p>\n","protected":false},"author":15,"featured_media":5306,"comment_status":"closed","ping_status":"closed","sticky":false,"template":"","format":"standard","meta":{"_acf_changed":false,"footnotes":"","_links_to":"","_links_to_target":""},"categories":[1],"tags":[],"class_list":["post-8928","post","type-post","status-publish","format-standard","has-post-thumbnail","hentry","category-uncategorized"],"acf":[],"yoast_head":"<!-- This site is optimized with the Yoast SEO plugin v27.2 - https:\/\/yoast.com\/product\/yoast-seo-wordpress\/ -->\r\n<title>Chambers Europe 2023: Thouvenin Rechtsanw\u00e4lte and two Lawyers again ranked | Thouvenin Rechtsanw\u00e4lte<\/title>\r\n<meta name=\"robots\" content=\"index, follow, max-snippet:-1, max-image-preview:large, max-video-preview:-1\" \/>\r\n<link rel=\"canonical\" href=\"https:\/\/thouvenin.com\/en\/chambers-europe-2023-thouvenin-rechtsanwaelte-and-two-lawyers-again-ranked\/\" \/>\r\n<meta property=\"og:locale\" content=\"en_US\" \/>\r\n<meta property=\"og:type\" content=\"article\" \/>\r\n<meta property=\"og:title\" content=\"Chambers Europe 2023: Thouvenin Rechtsanw\u00e4lte and two Lawyers again ranked | Thouvenin Rechtsanw\u00e4lte\" \/>\r\n<meta property=\"og:description\" content=\"Chambers Europe 2023: Thouvenin Rechtsanw\u00e4lte and two Lawyers again ranked\" \/>\r\n<meta property=\"og:url\" content=\"https:\/\/thouvenin.com\/en\/chambers-europe-2023-thouvenin-rechtsanwaelte-and-two-lawyers-again-ranked\/\" \/>\r\n<meta property=\"og:site_name\" content=\"Thouvenin\" \/>\r\n<meta property=\"article:published_time\" content=\"2023-04-20T13:21:41+00:00\" \/>\r\n<meta property=\"article:modified_time\" content=\"2023-04-20T13:22:55+00:00\" \/>\r\n<meta property=\"og:image\" content=\"https:\/\/thouvenin.com\/wp-content\/uploads\/2018\/09\/thouvenin_hero_image_12-1.jpg\" \/>\r\n\t<meta property=\"og:image:width\" content=\"2560\" \/>\r\n\t<meta property=\"og:image:height\" content=\"1440\" \/>\r\n\t<meta property=\"og:image:type\" content=\"image\/jpeg\" \/>\r\n<meta name=\"author\" content=\"Daniela Manser\" \/>\r\n<meta name=\"twitter:card\" content=\"summary_large_image\" \/>\r\n<meta name=\"twitter:label1\" content=\"Written by\" \/>\n\t<meta name=\"twitter:data1\" content=\"Daniela Manser\" \/>\n\t<meta name=\"twitter:label2\" content=\"Est. reading time\" \/>\n\t<meta name=\"twitter:data2\" content=\"2 minutes\" \/>\r\n<script type=\"application\/ld+json\" class=\"yoast-schema-graph\">{\"@context\":\"https:\/\/schema.org\",\"@graph\":[{\"@type\":\"Article\",\"@id\":\"https:\/\/thouvenin.com\/en\/chambers-europe-2023-thouvenin-rechtsanwaelte-and-two-lawyers-again-ranked\/#article\",\"isPartOf\":{\"@id\":\"https:\/\/thouvenin.com\/en\/chambers-europe-2023-thouvenin-rechtsanwaelte-and-two-lawyers-again-ranked\/\"},\"author\":{\"name\":\"Daniela Manser\",\"@id\":\"https:\/\/thouvenin.com\/#\/schema\/person\/f3973abd346fd7f1bb510bcf7aac19c0\"},\"headline\":\"Chambers Europe 2023: Thouvenin Rechtsanw\u00e4lte and two Lawyers again ranked\",\"datePublished\":\"2023-04-20T13:21:41+00:00\",\"dateModified\":\"2023-04-20T13:22:55+00:00\",\"mainEntityOfPage\":{\"@id\":\"https:\/\/thouvenin.com\/en\/chambers-europe-2023-thouvenin-rechtsanwaelte-and-two-lawyers-again-ranked\/\"},\"wordCount\":292,\"image\":{\"@id\":\"https:\/\/thouvenin.com\/en\/chambers-europe-2023-thouvenin-rechtsanwaelte-and-two-lawyers-again-ranked\/#primaryimage\"},\"thumbnailUrl\":\"https:\/\/thouvenin.com\/wp-content\/uploads\/2018\/09\/thouvenin_hero_image_12-1.jpg\",\"inLanguage\":\"en-US\"},{\"@type\":\"WebPage\",\"@id\":\"https:\/\/thouvenin.com\/en\/chambers-europe-2023-thouvenin-rechtsanwaelte-and-two-lawyers-again-ranked\/\",\"url\":\"https:\/\/thouvenin.com\/en\/chambers-europe-2023-thouvenin-rechtsanwaelte-and-two-lawyers-again-ranked\/\",\"name\":\"Chambers Europe 2023: Thouvenin Rechtsanw\u00e4lte and two Lawyers again ranked | Thouvenin Rechtsanw\u00e4lte\",\"isPartOf\":{\"@id\":\"https:\/\/thouvenin.com\/#website\"},\"primaryImageOfPage\":{\"@id\":\"https:\/\/thouvenin.com\/en\/chambers-europe-2023-thouvenin-rechtsanwaelte-and-two-lawyers-again-ranked\/#primaryimage\"},\"image\":{\"@id\":\"https:\/\/thouvenin.com\/en\/chambers-europe-2023-thouvenin-rechtsanwaelte-and-two-lawyers-again-ranked\/#primaryimage\"},\"thumbnailUrl\":\"https:\/\/thouvenin.com\/wp-content\/uploads\/2018\/09\/thouvenin_hero_image_12-1.jpg\",\"datePublished\":\"2023-04-20T13:21:41+00:00\",\"dateModified\":\"2023-04-20T13:22:55+00:00\",\"author\":{\"@id\":\"https:\/\/thouvenin.com\/#\/schema\/person\/f3973abd346fd7f1bb510bcf7aac19c0\"},\"inLanguage\":\"en-US\",\"potentialAction\":[{\"@type\":\"ReadAction\",\"target\":[\"https:\/\/thouvenin.com\/en\/chambers-europe-2023-thouvenin-rechtsanwaelte-and-two-lawyers-again-ranked\/\"]}]},{\"@type\":\"ImageObject\",\"inLanguage\":\"en-US\",\"@id\":\"https:\/\/thouvenin.com\/en\/chambers-europe-2023-thouvenin-rechtsanwaelte-and-two-lawyers-again-ranked\/#primaryimage\",\"url\":\"https:\/\/thouvenin.com\/wp-content\/uploads\/2018\/09\/thouvenin_hero_image_12-1.jpg\",\"contentUrl\":\"https:\/\/thouvenin.com\/wp-content\/uploads\/2018\/09\/thouvenin_hero_image_12-1.jpg\",\"width\":2560,\"height\":1440,\"caption\":\"Thouvenin Rechtsanw\u00e4lte Aerial Birdview Zurich Switzerland\"},{\"@type\":\"WebSite\",\"@id\":\"https:\/\/thouvenin.com\/#website\",\"url\":\"https:\/\/thouvenin.com\/\",\"name\":\"Thouvenin\",\"description\":\"\",\"potentialAction\":[{\"@type\":\"SearchAction\",\"target\":{\"@type\":\"EntryPoint\",\"urlTemplate\":\"https:\/\/thouvenin.com\/?s={search_term_string}\"},\"query-input\":{\"@type\":\"PropertyValueSpecification\",\"valueRequired\":true,\"valueName\":\"search_term_string\"}}],\"inLanguage\":\"en-US\"},{\"@type\":\"Person\",\"@id\":\"https:\/\/thouvenin.com\/#\/schema\/person\/f3973abd346fd7f1bb510bcf7aac19c0\",\"name\":\"Daniela Manser\",\"image\":{\"@type\":\"ImageObject\",\"inLanguage\":\"en-US\",\"@id\":\"https:\/\/secure.gravatar.com\/avatar\/fa8af1be80c3db9daa61304265ecb5c9593b936395b910f159f85278bae516e0?s=96&d=mm&r=g\",\"url\":\"https:\/\/secure.gravatar.com\/avatar\/fa8af1be80c3db9daa61304265ecb5c9593b936395b910f159f85278bae516e0?s=96&d=mm&r=g\",\"contentUrl\":\"https:\/\/secure.gravatar.com\/avatar\/fa8af1be80c3db9daa61304265ecb5c9593b936395b910f159f85278bae516e0?s=96&d=mm&r=g\",\"caption\":\"Daniela Manser\"},\"url\":\"https:\/\/thouvenin.com\/en\/author\/daniela-manser\/\"}]}<\/script>\r\n<!-- \/ Yoast SEO plugin. -->","yoast_head_json":{"title":"Chambers Europe 2023: Thouvenin Rechtsanw\u00e4lte and two Lawyers again ranked | Thouvenin Rechtsanw\u00e4lte","robots":{"index":"index","follow":"follow","max-snippet":"max-snippet:-1","max-image-preview":"max-image-preview:large","max-video-preview":"max-video-preview:-1"},"canonical":"https:\/\/thouvenin.com\/en\/chambers-europe-2023-thouvenin-rechtsanwaelte-and-two-lawyers-again-ranked\/","og_locale":"en_US","og_type":"article","og_title":"Chambers Europe 2023: Thouvenin Rechtsanw\u00e4lte and two Lawyers again ranked | Thouvenin Rechtsanw\u00e4lte","og_description":"Chambers Europe 2023: Thouvenin Rechtsanw\u00e4lte and two Lawyers again ranked","og_url":"https:\/\/thouvenin.com\/en\/chambers-europe-2023-thouvenin-rechtsanwaelte-and-two-lawyers-again-ranked\/","og_site_name":"Thouvenin","article_published_time":"2023-04-20T13:21:41+00:00","article_modified_time":"2023-04-20T13:22:55+00:00","og_image":[{"width":2560,"height":1440,"url":"https:\/\/thouvenin.com\/wp-content\/uploads\/2018\/09\/thouvenin_hero_image_12-1.jpg","type":"image\/jpeg"}],"author":"Daniela Manser","twitter_card":"summary_large_image","twitter_misc":{"Written by":"Daniela Manser","Est. reading time":"2 minutes"},"schema":{"@context":"https:\/\/schema.org","@graph":[{"@type":"Article","@id":"https:\/\/thouvenin.com\/en\/chambers-europe-2023-thouvenin-rechtsanwaelte-and-two-lawyers-again-ranked\/#article","isPartOf":{"@id":"https:\/\/thouvenin.com\/en\/chambers-europe-2023-thouvenin-rechtsanwaelte-and-two-lawyers-again-ranked\/"},"author":{"name":"Daniela Manser","@id":"https:\/\/thouvenin.com\/#\/schema\/person\/f3973abd346fd7f1bb510bcf7aac19c0"},"headline":"Chambers Europe 2023: Thouvenin Rechtsanw\u00e4lte and two Lawyers again ranked","datePublished":"2023-04-20T13:21:41+00:00","dateModified":"2023-04-20T13:22:55+00:00","mainEntityOfPage":{"@id":"https:\/\/thouvenin.com\/en\/chambers-europe-2023-thouvenin-rechtsanwaelte-and-two-lawyers-again-ranked\/"},"wordCount":292,"image":{"@id":"https:\/\/thouvenin.com\/en\/chambers-europe-2023-thouvenin-rechtsanwaelte-and-two-lawyers-again-ranked\/#primaryimage"},"thumbnailUrl":"https:\/\/thouvenin.com\/wp-content\/uploads\/2018\/09\/thouvenin_hero_image_12-1.jpg","inLanguage":"en-US"},{"@type":"WebPage","@id":"https:\/\/thouvenin.com\/en\/chambers-europe-2023-thouvenin-rechtsanwaelte-and-two-lawyers-again-ranked\/","url":"https:\/\/thouvenin.com\/en\/chambers-europe-2023-thouvenin-rechtsanwaelte-and-two-lawyers-again-ranked\/","name":"Chambers Europe 2023: Thouvenin Rechtsanw\u00e4lte and two Lawyers again ranked | Thouvenin Rechtsanw\u00e4lte","isPartOf":{"@id":"https:\/\/thouvenin.com\/#website"},"primaryImageOfPage":{"@id":"https:\/\/thouvenin.com\/en\/chambers-europe-2023-thouvenin-rechtsanwaelte-and-two-lawyers-again-ranked\/#primaryimage"},"image":{"@id":"https:\/\/thouvenin.com\/en\/chambers-europe-2023-thouvenin-rechtsanwaelte-and-two-lawyers-again-ranked\/#primaryimage"},"thumbnailUrl":"https:\/\/thouvenin.com\/wp-content\/uploads\/2018\/09\/thouvenin_hero_image_12-1.jpg","datePublished":"2023-04-20T13:21:41+00:00","dateModified":"2023-04-20T13:22:55+00:00","author":{"@id":"https:\/\/thouvenin.com\/#\/schema\/person\/f3973abd346fd7f1bb510bcf7aac19c0"},"inLanguage":"en-US","potentialAction":[{"@type":"ReadAction","target":["https:\/\/thouvenin.com\/en\/chambers-europe-2023-thouvenin-rechtsanwaelte-and-two-lawyers-again-ranked\/"]}]},{"@type":"ImageObject","inLanguage":"en-US","@id":"https:\/\/thouvenin.com\/en\/chambers-europe-2023-thouvenin-rechtsanwaelte-and-two-lawyers-again-ranked\/#primaryimage","url":"https:\/\/thouvenin.com\/wp-content\/uploads\/2018\/09\/thouvenin_hero_image_12-1.jpg","contentUrl":"https:\/\/thouvenin.com\/wp-content\/uploads\/2018\/09\/thouvenin_hero_image_12-1.jpg","width":2560,"height":1440,"caption":"Thouvenin Rechtsanw\u00e4lte Aerial Birdview Zurich Switzerland"},{"@type":"WebSite","@id":"https:\/\/thouvenin.com\/#website","url":"https:\/\/thouvenin.com\/","name":"Thouvenin","description":"","potentialAction":[{"@type":"SearchAction","target":{"@type":"EntryPoint","urlTemplate":"https:\/\/thouvenin.com\/?s={search_term_string}"},"query-input":{"@type":"PropertyValueSpecification","valueRequired":true,"valueName":"search_term_string"}}],"inLanguage":"en-US"},{"@type":"Person","@id":"https:\/\/thouvenin.com\/#\/schema\/person\/f3973abd346fd7f1bb510bcf7aac19c0","name":"Daniela Manser","image":{"@type":"ImageObject","inLanguage":"en-US","@id":"https:\/\/secure.gravatar.com\/avatar\/fa8af1be80c3db9daa61304265ecb5c9593b936395b910f159f85278bae516e0?s=96&d=mm&r=g","url":"https:\/\/secure.gravatar.com\/avatar\/fa8af1be80c3db9daa61304265ecb5c9593b936395b910f159f85278bae516e0?s=96&d=mm&r=g","contentUrl":"https:\/\/secure.gravatar.com\/avatar\/fa8af1be80c3db9daa61304265ecb5c9593b936395b910f159f85278bae516e0?s=96&d=mm&r=g","caption":"Daniela Manser"},"url":"https:\/\/thouvenin.com\/en\/author\/daniela-manser\/"}]}},"_links":{"self":[{"href":"https:\/\/thouvenin.com\/en\/wp-json\/wp\/v2\/posts\/8928","targetHints":{"allow":["GET"]}}],"collection":[{"href":"https:\/\/thouvenin.com\/en\/wp-json\/wp\/v2\/posts"}],"about":[{"href":"https:\/\/thouvenin.com\/en\/wp-json\/wp\/v2\/types\/post"}],"author":[{"embeddable":true,"href":"https:\/\/thouvenin.com\/en\/wp-json\/wp\/v2\/users\/15"}],"replies":[{"embeddable":true,"href":"https:\/\/thouvenin.com\/en\/wp-json\/wp\/v2\/comments?post=8928"}],"version-history":[{"count":3,"href":"https:\/\/thouvenin.com\/en\/wp-json\/wp\/v2\/posts\/8928\/revisions"}],"predecessor-version":[{"id":8933,"href":"https:\/\/thouvenin.com\/en\/wp-json\/wp\/v2\/posts\/8928\/revisions\/8933"}],"wp:featuredmedia":[{"embeddable":true,"href":"https:\/\/thouvenin.com\/en\/wp-json\/wp\/v2\/media\/5306"}],"wp:attachment":[{"href":"https:\/\/thouvenin.com\/en\/wp-json\/wp\/v2\/media?parent=8928"}],"wp:term":[{"taxonomy":"category","embeddable":true,"href":"https:\/\/thouvenin.com\/en\/wp-json\/wp\/v2\/categories?post=8928"},{"taxonomy":"post_tag","embeddable":true,"href":"https:\/\/thouvenin.com\/en\/wp-json\/wp\/v2\/tags?post=8928"}],"curies":[{"name":"wp","href":"https:\/\/api.w.org\/{rel}","templated":true}]}}