{"id":7847,"date":"2022-05-23T11:23:06","date_gmt":"2022-05-23T09:23:06","guid":{"rendered":"https:\/\/thouvenin.com\/?p=7847"},"modified":"2022-05-23T11:23:06","modified_gmt":"2022-05-23T09:23:06","slug":"thouvenin-rechtsanwaelte-supports-munich-re-in-its-investment-in-certx-ag","status":"publish","type":"post","link":"https:\/\/thouvenin.com\/en\/thouvenin-rechtsanwaelte-supports-munich-re-in-its-investment-in-certx-ag\/","title":{"rendered":"Thouvenin Rechtsanw\u00e4lte supports Munich Re in its investment in CertX AG"},"content":{"rendered":"<p>Munich Re, the world&#8217;s leading reinsurance company headquartered in Munich, Germany, has acquired a stake in CertX AG, headquartered in the Canton of Fribourg, Switzerland, becoming its largest single shareholder. Nearly 4 years after CertX was founded, this transaction represents an important milestone in CertX&#8217;s growth trajectory. Munich Re, with its 140-year track record and brand reputation, will support and accompany CertX in its next growth phase and international expansion.<\/p>\n<p>CertX is an accredited certification and inspection body for functional safety and cybersecurity. It offers certification and inspection services for products, processes and management systems as well as training and personal certification. As part of its cooperation with CertX, Munich Re now offers a trustworthy artificial intelligence testing service.<\/p>\n<p>Thouvenin Rechtsanw\u00e4lte assisted Munich Re with the transaction. The Thouvenin team was led by partner Markus Alder and notably included senior associate Marzel Wyden.<\/p>\n<p>&nbsp;<\/p>\n","protected":false},"excerpt":{"rendered":"<p>Thouvenin Rechtsanw\u00e4lte supports Munich Re in its investment in CertX AG<\/p>\n","protected":false},"author":15,"featured_media":6219,"comment_status":"open","ping_status":"open","sticky":false,"template":"","format":"standard","meta":{"_acf_changed":false,"footnotes":"","_links_to":"","_links_to_target":""},"categories":[1],"tags":[],"class_list":["post-7847","post","type-post","status-publish","format-standard","has-post-thumbnail","hentry","category-uncategorized"],"acf":[],"yoast_head":"<!-- This site is optimized with the Yoast SEO plugin v27.2 - https:\/\/yoast.com\/product\/yoast-seo-wordpress\/ -->\r\n<title>Thouvenin Rechtsanw\u00e4lte supports Munich Re in its investment in CertX AG | Thouvenin Rechtsanw\u00e4lte<\/title>\r\n<meta name=\"robots\" content=\"index, follow, max-snippet:-1, max-image-preview:large, max-video-preview:-1\" \/>\r\n<link rel=\"canonical\" href=\"https:\/\/thouvenin.com\/en\/thouvenin-rechtsanwaelte-supports-munich-re-in-its-investment-in-certx-ag\/\" \/>\r\n<meta property=\"og:locale\" content=\"en_US\" \/>\r\n<meta property=\"og:type\" content=\"article\" \/>\r\n<meta property=\"og:title\" content=\"Thouvenin Rechtsanw\u00e4lte supports Munich Re in its investment in CertX AG | Thouvenin Rechtsanw\u00e4lte\" \/>\r\n<meta property=\"og:description\" content=\"Thouvenin Rechtsanw\u00e4lte supports Munich Re in its investment in CertX AG\" \/>\r\n<meta property=\"og:url\" content=\"https:\/\/thouvenin.com\/en\/thouvenin-rechtsanwaelte-supports-munich-re-in-its-investment-in-certx-ag\/\" \/>\r\n<meta property=\"og:site_name\" content=\"Thouvenin\" \/>\r\n<meta property=\"article:published_time\" content=\"2022-05-23T09:23:06+00:00\" \/>\r\n<meta property=\"og:image\" content=\"https:\/\/thouvenin.com\/wp-content\/uploads\/2019\/05\/thouvenin_birdview_page_image_01.jpg\" \/>\r\n\t<meta property=\"og:image:width\" content=\"2560\" \/>\r\n\t<meta property=\"og:image:height\" content=\"1440\" \/>\r\n\t<meta property=\"og:image:type\" content=\"image\/jpeg\" \/>\r\n<meta name=\"author\" content=\"Daniela Manser\" \/>\r\n<meta name=\"twitter:card\" content=\"summary_large_image\" \/>\r\n<meta name=\"twitter:label1\" content=\"Written by\" \/>\n\t<meta name=\"twitter:data1\" content=\"Daniela Manser\" \/>\n\t<meta name=\"twitter:label2\" content=\"Est. reading time\" \/>\n\t<meta name=\"twitter:data2\" content=\"1 minute\" \/>\r\n<script type=\"application\/ld+json\" class=\"yoast-schema-graph\">{\"@context\":\"https:\/\/schema.org\",\"@graph\":[{\"@type\":\"Article\",\"@id\":\"https:\/\/thouvenin.com\/en\/thouvenin-rechtsanwaelte-supports-munich-re-in-its-investment-in-certx-ag\/#article\",\"isPartOf\":{\"@id\":\"https:\/\/thouvenin.com\/en\/thouvenin-rechtsanwaelte-supports-munich-re-in-its-investment-in-certx-ag\/\"},\"author\":{\"name\":\"Daniela Manser\",\"@id\":\"https:\/\/thouvenin.com\/#\/schema\/person\/f3973abd346fd7f1bb510bcf7aac19c0\"},\"headline\":\"Thouvenin Rechtsanw\u00e4lte supports Munich Re in its investment in CertX AG\",\"datePublished\":\"2022-05-23T09:23:06+00:00\",\"mainEntityOfPage\":{\"@id\":\"https:\/\/thouvenin.com\/en\/thouvenin-rechtsanwaelte-supports-munich-re-in-its-investment-in-certx-ag\/\"},\"wordCount\":158,\"commentCount\":0,\"image\":{\"@id\":\"https:\/\/thouvenin.com\/en\/thouvenin-rechtsanwaelte-supports-munich-re-in-its-investment-in-certx-ag\/#primaryimage\"},\"thumbnailUrl\":\"https:\/\/thouvenin.com\/wp-content\/uploads\/2019\/05\/thouvenin_birdview_page_image_01.jpg\",\"inLanguage\":\"en-US\",\"potentialAction\":[{\"@type\":\"CommentAction\",\"name\":\"Comment\",\"target\":[\"https:\/\/thouvenin.com\/en\/thouvenin-rechtsanwaelte-supports-munich-re-in-its-investment-in-certx-ag\/#respond\"]}]},{\"@type\":\"WebPage\",\"@id\":\"https:\/\/thouvenin.com\/en\/thouvenin-rechtsanwaelte-supports-munich-re-in-its-investment-in-certx-ag\/\",\"url\":\"https:\/\/thouvenin.com\/en\/thouvenin-rechtsanwaelte-supports-munich-re-in-its-investment-in-certx-ag\/\",\"name\":\"Thouvenin Rechtsanw\u00e4lte supports Munich Re in its investment in CertX AG | Thouvenin Rechtsanw\u00e4lte\",\"isPartOf\":{\"@id\":\"https:\/\/thouvenin.com\/#website\"},\"primaryImageOfPage\":{\"@id\":\"https:\/\/thouvenin.com\/en\/thouvenin-rechtsanwaelte-supports-munich-re-in-its-investment-in-certx-ag\/#primaryimage\"},\"image\":{\"@id\":\"https:\/\/thouvenin.com\/en\/thouvenin-rechtsanwaelte-supports-munich-re-in-its-investment-in-certx-ag\/#primaryimage\"},\"thumbnailUrl\":\"https:\/\/thouvenin.com\/wp-content\/uploads\/2019\/05\/thouvenin_birdview_page_image_01.jpg\",\"datePublished\":\"2022-05-23T09:23:06+00:00\",\"author\":{\"@id\":\"https:\/\/thouvenin.com\/#\/schema\/person\/f3973abd346fd7f1bb510bcf7aac19c0\"},\"inLanguage\":\"en-US\",\"potentialAction\":[{\"@type\":\"ReadAction\",\"target\":[\"https:\/\/thouvenin.com\/en\/thouvenin-rechtsanwaelte-supports-munich-re-in-its-investment-in-certx-ag\/\"]}]},{\"@type\":\"ImageObject\",\"inLanguage\":\"en-US\",\"@id\":\"https:\/\/thouvenin.com\/en\/thouvenin-rechtsanwaelte-supports-munich-re-in-its-investment-in-certx-ag\/#primaryimage\",\"url\":\"https:\/\/thouvenin.com\/wp-content\/uploads\/2019\/05\/thouvenin_birdview_page_image_01.jpg\",\"contentUrl\":\"https:\/\/thouvenin.com\/wp-content\/uploads\/2019\/05\/thouvenin_birdview_page_image_01.jpg\",\"width\":2560,\"height\":1440,\"caption\":\"Thouvenin Rechtsanw\u00e4lte Aerial Birdview Zurich Switzerland\"},{\"@type\":\"WebSite\",\"@id\":\"https:\/\/thouvenin.com\/#website\",\"url\":\"https:\/\/thouvenin.com\/\",\"name\":\"Thouvenin\",\"description\":\"\",\"potentialAction\":[{\"@type\":\"SearchAction\",\"target\":{\"@type\":\"EntryPoint\",\"urlTemplate\":\"https:\/\/thouvenin.com\/?s={search_term_string}\"},\"query-input\":{\"@type\":\"PropertyValueSpecification\",\"valueRequired\":true,\"valueName\":\"search_term_string\"}}],\"inLanguage\":\"en-US\"},{\"@type\":\"Person\",\"@id\":\"https:\/\/thouvenin.com\/#\/schema\/person\/f3973abd346fd7f1bb510bcf7aac19c0\",\"name\":\"Daniela Manser\",\"image\":{\"@type\":\"ImageObject\",\"inLanguage\":\"en-US\",\"@id\":\"https:\/\/secure.gravatar.com\/avatar\/fa8af1be80c3db9daa61304265ecb5c9593b936395b910f159f85278bae516e0?s=96&d=mm&r=g\",\"url\":\"https:\/\/secure.gravatar.com\/avatar\/fa8af1be80c3db9daa61304265ecb5c9593b936395b910f159f85278bae516e0?s=96&d=mm&r=g\",\"contentUrl\":\"https:\/\/secure.gravatar.com\/avatar\/fa8af1be80c3db9daa61304265ecb5c9593b936395b910f159f85278bae516e0?s=96&d=mm&r=g\",\"caption\":\"Daniela Manser\"},\"url\":\"https:\/\/thouvenin.com\/en\/author\/daniela-manser\/\"}]}<\/script>\r\n<!-- \/ Yoast SEO plugin. -->","yoast_head_json":{"title":"Thouvenin Rechtsanw\u00e4lte supports Munich Re in its investment in CertX AG | Thouvenin Rechtsanw\u00e4lte","robots":{"index":"index","follow":"follow","max-snippet":"max-snippet:-1","max-image-preview":"max-image-preview:large","max-video-preview":"max-video-preview:-1"},"canonical":"https:\/\/thouvenin.com\/en\/thouvenin-rechtsanwaelte-supports-munich-re-in-its-investment-in-certx-ag\/","og_locale":"en_US","og_type":"article","og_title":"Thouvenin Rechtsanw\u00e4lte supports Munich Re in its investment in CertX AG | Thouvenin Rechtsanw\u00e4lte","og_description":"Thouvenin Rechtsanw\u00e4lte supports Munich Re in its investment in CertX AG","og_url":"https:\/\/thouvenin.com\/en\/thouvenin-rechtsanwaelte-supports-munich-re-in-its-investment-in-certx-ag\/","og_site_name":"Thouvenin","article_published_time":"2022-05-23T09:23:06+00:00","og_image":[{"width":2560,"height":1440,"url":"https:\/\/thouvenin.com\/wp-content\/uploads\/2019\/05\/thouvenin_birdview_page_image_01.jpg","type":"image\/jpeg"}],"author":"Daniela Manser","twitter_card":"summary_large_image","twitter_misc":{"Written by":"Daniela Manser","Est. reading time":"1 minute"},"schema":{"@context":"https:\/\/schema.org","@graph":[{"@type":"Article","@id":"https:\/\/thouvenin.com\/en\/thouvenin-rechtsanwaelte-supports-munich-re-in-its-investment-in-certx-ag\/#article","isPartOf":{"@id":"https:\/\/thouvenin.com\/en\/thouvenin-rechtsanwaelte-supports-munich-re-in-its-investment-in-certx-ag\/"},"author":{"name":"Daniela Manser","@id":"https:\/\/thouvenin.com\/#\/schema\/person\/f3973abd346fd7f1bb510bcf7aac19c0"},"headline":"Thouvenin Rechtsanw\u00e4lte supports Munich Re in its investment in CertX AG","datePublished":"2022-05-23T09:23:06+00:00","mainEntityOfPage":{"@id":"https:\/\/thouvenin.com\/en\/thouvenin-rechtsanwaelte-supports-munich-re-in-its-investment-in-certx-ag\/"},"wordCount":158,"commentCount":0,"image":{"@id":"https:\/\/thouvenin.com\/en\/thouvenin-rechtsanwaelte-supports-munich-re-in-its-investment-in-certx-ag\/#primaryimage"},"thumbnailUrl":"https:\/\/thouvenin.com\/wp-content\/uploads\/2019\/05\/thouvenin_birdview_page_image_01.jpg","inLanguage":"en-US","potentialAction":[{"@type":"CommentAction","name":"Comment","target":["https:\/\/thouvenin.com\/en\/thouvenin-rechtsanwaelte-supports-munich-re-in-its-investment-in-certx-ag\/#respond"]}]},{"@type":"WebPage","@id":"https:\/\/thouvenin.com\/en\/thouvenin-rechtsanwaelte-supports-munich-re-in-its-investment-in-certx-ag\/","url":"https:\/\/thouvenin.com\/en\/thouvenin-rechtsanwaelte-supports-munich-re-in-its-investment-in-certx-ag\/","name":"Thouvenin Rechtsanw\u00e4lte supports Munich Re in its investment in CertX AG | Thouvenin Rechtsanw\u00e4lte","isPartOf":{"@id":"https:\/\/thouvenin.com\/#website"},"primaryImageOfPage":{"@id":"https:\/\/thouvenin.com\/en\/thouvenin-rechtsanwaelte-supports-munich-re-in-its-investment-in-certx-ag\/#primaryimage"},"image":{"@id":"https:\/\/thouvenin.com\/en\/thouvenin-rechtsanwaelte-supports-munich-re-in-its-investment-in-certx-ag\/#primaryimage"},"thumbnailUrl":"https:\/\/thouvenin.com\/wp-content\/uploads\/2019\/05\/thouvenin_birdview_page_image_01.jpg","datePublished":"2022-05-23T09:23:06+00:00","author":{"@id":"https:\/\/thouvenin.com\/#\/schema\/person\/f3973abd346fd7f1bb510bcf7aac19c0"},"inLanguage":"en-US","potentialAction":[{"@type":"ReadAction","target":["https:\/\/thouvenin.com\/en\/thouvenin-rechtsanwaelte-supports-munich-re-in-its-investment-in-certx-ag\/"]}]},{"@type":"ImageObject","inLanguage":"en-US","@id":"https:\/\/thouvenin.com\/en\/thouvenin-rechtsanwaelte-supports-munich-re-in-its-investment-in-certx-ag\/#primaryimage","url":"https:\/\/thouvenin.com\/wp-content\/uploads\/2019\/05\/thouvenin_birdview_page_image_01.jpg","contentUrl":"https:\/\/thouvenin.com\/wp-content\/uploads\/2019\/05\/thouvenin_birdview_page_image_01.jpg","width":2560,"height":1440,"caption":"Thouvenin Rechtsanw\u00e4lte Aerial Birdview Zurich Switzerland"},{"@type":"WebSite","@id":"https:\/\/thouvenin.com\/#website","url":"https:\/\/thouvenin.com\/","name":"Thouvenin","description":"","potentialAction":[{"@type":"SearchAction","target":{"@type":"EntryPoint","urlTemplate":"https:\/\/thouvenin.com\/?s={search_term_string}"},"query-input":{"@type":"PropertyValueSpecification","valueRequired":true,"valueName":"search_term_string"}}],"inLanguage":"en-US"},{"@type":"Person","@id":"https:\/\/thouvenin.com\/#\/schema\/person\/f3973abd346fd7f1bb510bcf7aac19c0","name":"Daniela Manser","image":{"@type":"ImageObject","inLanguage":"en-US","@id":"https:\/\/secure.gravatar.com\/avatar\/fa8af1be80c3db9daa61304265ecb5c9593b936395b910f159f85278bae516e0?s=96&d=mm&r=g","url":"https:\/\/secure.gravatar.com\/avatar\/fa8af1be80c3db9daa61304265ecb5c9593b936395b910f159f85278bae516e0?s=96&d=mm&r=g","contentUrl":"https:\/\/secure.gravatar.com\/avatar\/fa8af1be80c3db9daa61304265ecb5c9593b936395b910f159f85278bae516e0?s=96&d=mm&r=g","caption":"Daniela Manser"},"url":"https:\/\/thouvenin.com\/en\/author\/daniela-manser\/"}]}},"_links":{"self":[{"href":"https:\/\/thouvenin.com\/en\/wp-json\/wp\/v2\/posts\/7847","targetHints":{"allow":["GET"]}}],"collection":[{"href":"https:\/\/thouvenin.com\/en\/wp-json\/wp\/v2\/posts"}],"about":[{"href":"https:\/\/thouvenin.com\/en\/wp-json\/wp\/v2\/types\/post"}],"author":[{"embeddable":true,"href":"https:\/\/thouvenin.com\/en\/wp-json\/wp\/v2\/users\/15"}],"replies":[{"embeddable":true,"href":"https:\/\/thouvenin.com\/en\/wp-json\/wp\/v2\/comments?post=7847"}],"version-history":[{"count":1,"href":"https:\/\/thouvenin.com\/en\/wp-json\/wp\/v2\/posts\/7847\/revisions"}],"predecessor-version":[{"id":7850,"href":"https:\/\/thouvenin.com\/en\/wp-json\/wp\/v2\/posts\/7847\/revisions\/7850"}],"wp:featuredmedia":[{"embeddable":true,"href":"https:\/\/thouvenin.com\/en\/wp-json\/wp\/v2\/media\/6219"}],"wp:attachment":[{"href":"https:\/\/thouvenin.com\/en\/wp-json\/wp\/v2\/media?parent=7847"}],"wp:term":[{"taxonomy":"category","embeddable":true,"href":"https:\/\/thouvenin.com\/en\/wp-json\/wp\/v2\/categories?post=7847"},{"taxonomy":"post_tag","embeddable":true,"href":"https:\/\/thouvenin.com\/en\/wp-json\/wp\/v2\/tags?post=7847"}],"curies":[{"name":"wp","href":"https:\/\/api.w.org\/{rel}","templated":true}]}}