{"id":7291,"date":"2021-03-25T06:00:57","date_gmt":"2021-03-25T05:00:57","guid":{"rendered":"https:\/\/thouvenin.com\/?p=7291"},"modified":"2021-03-25T08:29:34","modified_gmt":"2021-03-25T07:29:34","slug":"chambers-europe-2021-thouvenin-rechtsanwaelte-and-two-lawyers-again-ranked","status":"publish","type":"post","link":"https:\/\/thouvenin.com\/en\/chambers-europe-2021-thouvenin-rechtsanwaelte-and-two-lawyers-again-ranked\/","title":{"rendered":"Chambers Europe 2021: Thouvenin Rechtsanw\u00e4lte and two Lawyers again ranked"},"content":{"rendered":"<p>Our employment practice group, Thomas Loher and Katia Favre are once again ranked in Chambers Europe. Chambers is the world\u2019s leading legal market analyst.<\/p>\n<p>According to Chambers our firm\u2019s employment practice group is known for advising senior-level employees on termination packages and acting for employers on transfers of undertakings as well as changes to compensation packages. Further, that the practice group is experienced in handling immigration matters and that its clients include pharmaceutical and telecommunications companies. One client comments: <em>&#8220;The team members are always cooperative and they respond quickly.&#8221; <\/em>Another client finds the lawyers <em>&#8220;focused and detail-oriented,&#8221;<\/em> and especially appreciates the <em>&#8220;very personal client relationship.&#8221;<\/em><\/p>\n<p>Furthermore, Thomas Loher is individually ranked in Employment in Band 3 and praised as follows: <strong>&#8220;<\/strong><em>Thomas Loher boasts expertise in employment disputes, transfers of undertakings and compensation schemes. He acts for employers and top-level managers. One client enthuses: &#8220;He is incredibly well prepared, very concise, very to the point and able to explain legal matters in layman\u2019s terms,&#8221; and adds: &#8220;He has a very balanced judgement and understood my position very quickly.&#8221;<\/em><\/p>\n<p>Dr. Katia Favre is individually ranked in TMT in Band 4 and praised as follows: &#8220;<em>Katia Favre regularly advises on data protection mandates and IT agreements. She also frequently assists with regulatory issues in the telecommunication sector.<\/em>&#8221;<\/p>\n<p>The full coverage of Chambers Europe 2021 can be found here:<\/p>\n<p><a href=\"https:\/\/chambers.com\/law-firm\/thouvenin-rechtsanwalte-klg-europe-7:138681\">https:\/\/chambers.com\/law-firm\/thouvenin-rechtsanwalte-klg-europe-7:138681<\/a><\/p>\n<p>&nbsp;<\/p>\n","protected":false},"excerpt":{"rendered":"<p>Chambers Europe 2021: Thouvenin Rechtsanw\u00e4lte and two Lawyers again ranked<\/p>\n","protected":false},"author":15,"featured_media":6239,"comment_status":"open","ping_status":"open","sticky":false,"template":"","format":"standard","meta":{"_acf_changed":false,"footnotes":"","_links_to":"","_links_to_target":""},"categories":[1],"tags":[],"class_list":["post-7291","post","type-post","status-publish","format-standard","has-post-thumbnail","hentry","category-uncategorized"],"acf":[],"yoast_head":"<!-- This site is optimized with the Yoast SEO plugin v27.2 - https:\/\/yoast.com\/product\/yoast-seo-wordpress\/ -->\r\n<title>Chambers Europe 2021: Thouvenin Rechtsanw\u00e4lte and two Lawyers again ranked | Thouvenin Rechtsanw\u00e4lte<\/title>\r\n<meta name=\"robots\" content=\"index, follow, max-snippet:-1, max-image-preview:large, max-video-preview:-1\" \/>\r\n<link rel=\"canonical\" href=\"https:\/\/thouvenin.com\/en\/chambers-europe-2021-thouvenin-rechtsanwaelte-and-two-lawyers-again-ranked\/\" \/>\r\n<meta property=\"og:locale\" content=\"en_US\" \/>\r\n<meta property=\"og:type\" content=\"article\" \/>\r\n<meta property=\"og:title\" content=\"Chambers Europe 2021: Thouvenin Rechtsanw\u00e4lte and two Lawyers again ranked | Thouvenin Rechtsanw\u00e4lte\" \/>\r\n<meta property=\"og:description\" content=\"Chambers Europe 2021: Thouvenin Rechtsanw\u00e4lte and two Lawyers again ranked\" \/>\r\n<meta property=\"og:url\" content=\"https:\/\/thouvenin.com\/en\/chambers-europe-2021-thouvenin-rechtsanwaelte-and-two-lawyers-again-ranked\/\" \/>\r\n<meta property=\"og:site_name\" content=\"Thouvenin\" \/>\r\n<meta property=\"article:published_time\" content=\"2021-03-25T05:00:57+00:00\" \/>\r\n<meta property=\"article:modified_time\" content=\"2021-03-25T07:29:34+00:00\" \/>\r\n<meta property=\"og:image\" content=\"https:\/\/thouvenin.com\/wp-content\/uploads\/2019\/05\/thouvenin_birdview_page_image_11.jpg\" \/>\r\n\t<meta property=\"og:image:width\" content=\"2560\" \/>\r\n\t<meta property=\"og:image:height\" content=\"1440\" \/>\r\n\t<meta property=\"og:image:type\" content=\"image\/jpeg\" \/>\r\n<meta name=\"author\" content=\"Daniela Manser\" \/>\r\n<meta name=\"twitter:card\" content=\"summary_large_image\" \/>\r\n<meta name=\"twitter:label1\" content=\"Written by\" \/>\n\t<meta name=\"twitter:data1\" content=\"Daniela Manser\" \/>\n\t<meta name=\"twitter:label2\" content=\"Est. reading time\" \/>\n\t<meta name=\"twitter:data2\" content=\"1 minute\" \/>\r\n<script type=\"application\/ld+json\" class=\"yoast-schema-graph\">{\"@context\":\"https:\/\/schema.org\",\"@graph\":[{\"@type\":\"Article\",\"@id\":\"https:\/\/thouvenin.com\/en\/chambers-europe-2021-thouvenin-rechtsanwaelte-and-two-lawyers-again-ranked\/#article\",\"isPartOf\":{\"@id\":\"https:\/\/thouvenin.com\/en\/chambers-europe-2021-thouvenin-rechtsanwaelte-and-two-lawyers-again-ranked\/\"},\"author\":{\"name\":\"Daniela Manser\",\"@id\":\"https:\/\/thouvenin.com\/#\/schema\/person\/f3973abd346fd7f1bb510bcf7aac19c0\"},\"headline\":\"Chambers Europe 2021: Thouvenin Rechtsanw\u00e4lte and two Lawyers again ranked\",\"datePublished\":\"2021-03-25T05:00:57+00:00\",\"dateModified\":\"2021-03-25T07:29:34+00:00\",\"mainEntityOfPage\":{\"@id\":\"https:\/\/thouvenin.com\/en\/chambers-europe-2021-thouvenin-rechtsanwaelte-and-two-lawyers-again-ranked\/\"},\"wordCount\":241,\"commentCount\":0,\"image\":{\"@id\":\"https:\/\/thouvenin.com\/en\/chambers-europe-2021-thouvenin-rechtsanwaelte-and-two-lawyers-again-ranked\/#primaryimage\"},\"thumbnailUrl\":\"https:\/\/thouvenin.com\/wp-content\/uploads\/2019\/05\/thouvenin_birdview_page_image_11.jpg\",\"inLanguage\":\"en-US\",\"potentialAction\":[{\"@type\":\"CommentAction\",\"name\":\"Comment\",\"target\":[\"https:\/\/thouvenin.com\/en\/chambers-europe-2021-thouvenin-rechtsanwaelte-and-two-lawyers-again-ranked\/#respond\"]}]},{\"@type\":\"WebPage\",\"@id\":\"https:\/\/thouvenin.com\/en\/chambers-europe-2021-thouvenin-rechtsanwaelte-and-two-lawyers-again-ranked\/\",\"url\":\"https:\/\/thouvenin.com\/en\/chambers-europe-2021-thouvenin-rechtsanwaelte-and-two-lawyers-again-ranked\/\",\"name\":\"Chambers Europe 2021: Thouvenin Rechtsanw\u00e4lte and two Lawyers again ranked | Thouvenin Rechtsanw\u00e4lte\",\"isPartOf\":{\"@id\":\"https:\/\/thouvenin.com\/#website\"},\"primaryImageOfPage\":{\"@id\":\"https:\/\/thouvenin.com\/en\/chambers-europe-2021-thouvenin-rechtsanwaelte-and-two-lawyers-again-ranked\/#primaryimage\"},\"image\":{\"@id\":\"https:\/\/thouvenin.com\/en\/chambers-europe-2021-thouvenin-rechtsanwaelte-and-two-lawyers-again-ranked\/#primaryimage\"},\"thumbnailUrl\":\"https:\/\/thouvenin.com\/wp-content\/uploads\/2019\/05\/thouvenin_birdview_page_image_11.jpg\",\"datePublished\":\"2021-03-25T05:00:57+00:00\",\"dateModified\":\"2021-03-25T07:29:34+00:00\",\"author\":{\"@id\":\"https:\/\/thouvenin.com\/#\/schema\/person\/f3973abd346fd7f1bb510bcf7aac19c0\"},\"inLanguage\":\"en-US\",\"potentialAction\":[{\"@type\":\"ReadAction\",\"target\":[\"https:\/\/thouvenin.com\/en\/chambers-europe-2021-thouvenin-rechtsanwaelte-and-two-lawyers-again-ranked\/\"]}]},{\"@type\":\"ImageObject\",\"inLanguage\":\"en-US\",\"@id\":\"https:\/\/thouvenin.com\/en\/chambers-europe-2021-thouvenin-rechtsanwaelte-and-two-lawyers-again-ranked\/#primaryimage\",\"url\":\"https:\/\/thouvenin.com\/wp-content\/uploads\/2019\/05\/thouvenin_birdview_page_image_11.jpg\",\"contentUrl\":\"https:\/\/thouvenin.com\/wp-content\/uploads\/2019\/05\/thouvenin_birdview_page_image_11.jpg\",\"width\":2560,\"height\":1440,\"caption\":\"Thouvenin Rechtsanw\u00e4lte Aerial Birdview Zurich Switzerland\"},{\"@type\":\"WebSite\",\"@id\":\"https:\/\/thouvenin.com\/#website\",\"url\":\"https:\/\/thouvenin.com\/\",\"name\":\"Thouvenin\",\"description\":\"\",\"potentialAction\":[{\"@type\":\"SearchAction\",\"target\":{\"@type\":\"EntryPoint\",\"urlTemplate\":\"https:\/\/thouvenin.com\/?s={search_term_string}\"},\"query-input\":{\"@type\":\"PropertyValueSpecification\",\"valueRequired\":true,\"valueName\":\"search_term_string\"}}],\"inLanguage\":\"en-US\"},{\"@type\":\"Person\",\"@id\":\"https:\/\/thouvenin.com\/#\/schema\/person\/f3973abd346fd7f1bb510bcf7aac19c0\",\"name\":\"Daniela Manser\",\"image\":{\"@type\":\"ImageObject\",\"inLanguage\":\"en-US\",\"@id\":\"https:\/\/secure.gravatar.com\/avatar\/fa8af1be80c3db9daa61304265ecb5c9593b936395b910f159f85278bae516e0?s=96&d=mm&r=g\",\"url\":\"https:\/\/secure.gravatar.com\/avatar\/fa8af1be80c3db9daa61304265ecb5c9593b936395b910f159f85278bae516e0?s=96&d=mm&r=g\",\"contentUrl\":\"https:\/\/secure.gravatar.com\/avatar\/fa8af1be80c3db9daa61304265ecb5c9593b936395b910f159f85278bae516e0?s=96&d=mm&r=g\",\"caption\":\"Daniela Manser\"},\"url\":\"https:\/\/thouvenin.com\/en\/author\/daniela-manser\/\"}]}<\/script>\r\n<!-- \/ Yoast SEO plugin. -->","yoast_head_json":{"title":"Chambers Europe 2021: Thouvenin Rechtsanw\u00e4lte and two Lawyers again ranked | Thouvenin Rechtsanw\u00e4lte","robots":{"index":"index","follow":"follow","max-snippet":"max-snippet:-1","max-image-preview":"max-image-preview:large","max-video-preview":"max-video-preview:-1"},"canonical":"https:\/\/thouvenin.com\/en\/chambers-europe-2021-thouvenin-rechtsanwaelte-and-two-lawyers-again-ranked\/","og_locale":"en_US","og_type":"article","og_title":"Chambers Europe 2021: Thouvenin Rechtsanw\u00e4lte and two Lawyers again ranked | Thouvenin Rechtsanw\u00e4lte","og_description":"Chambers Europe 2021: Thouvenin Rechtsanw\u00e4lte and two Lawyers again ranked","og_url":"https:\/\/thouvenin.com\/en\/chambers-europe-2021-thouvenin-rechtsanwaelte-and-two-lawyers-again-ranked\/","og_site_name":"Thouvenin","article_published_time":"2021-03-25T05:00:57+00:00","article_modified_time":"2021-03-25T07:29:34+00:00","og_image":[{"width":2560,"height":1440,"url":"https:\/\/thouvenin.com\/wp-content\/uploads\/2019\/05\/thouvenin_birdview_page_image_11.jpg","type":"image\/jpeg"}],"author":"Daniela Manser","twitter_card":"summary_large_image","twitter_misc":{"Written by":"Daniela Manser","Est. reading time":"1 minute"},"schema":{"@context":"https:\/\/schema.org","@graph":[{"@type":"Article","@id":"https:\/\/thouvenin.com\/en\/chambers-europe-2021-thouvenin-rechtsanwaelte-and-two-lawyers-again-ranked\/#article","isPartOf":{"@id":"https:\/\/thouvenin.com\/en\/chambers-europe-2021-thouvenin-rechtsanwaelte-and-two-lawyers-again-ranked\/"},"author":{"name":"Daniela Manser","@id":"https:\/\/thouvenin.com\/#\/schema\/person\/f3973abd346fd7f1bb510bcf7aac19c0"},"headline":"Chambers Europe 2021: Thouvenin Rechtsanw\u00e4lte and two Lawyers again ranked","datePublished":"2021-03-25T05:00:57+00:00","dateModified":"2021-03-25T07:29:34+00:00","mainEntityOfPage":{"@id":"https:\/\/thouvenin.com\/en\/chambers-europe-2021-thouvenin-rechtsanwaelte-and-two-lawyers-again-ranked\/"},"wordCount":241,"commentCount":0,"image":{"@id":"https:\/\/thouvenin.com\/en\/chambers-europe-2021-thouvenin-rechtsanwaelte-and-two-lawyers-again-ranked\/#primaryimage"},"thumbnailUrl":"https:\/\/thouvenin.com\/wp-content\/uploads\/2019\/05\/thouvenin_birdview_page_image_11.jpg","inLanguage":"en-US","potentialAction":[{"@type":"CommentAction","name":"Comment","target":["https:\/\/thouvenin.com\/en\/chambers-europe-2021-thouvenin-rechtsanwaelte-and-two-lawyers-again-ranked\/#respond"]}]},{"@type":"WebPage","@id":"https:\/\/thouvenin.com\/en\/chambers-europe-2021-thouvenin-rechtsanwaelte-and-two-lawyers-again-ranked\/","url":"https:\/\/thouvenin.com\/en\/chambers-europe-2021-thouvenin-rechtsanwaelte-and-two-lawyers-again-ranked\/","name":"Chambers Europe 2021: Thouvenin Rechtsanw\u00e4lte and two Lawyers again ranked | Thouvenin Rechtsanw\u00e4lte","isPartOf":{"@id":"https:\/\/thouvenin.com\/#website"},"primaryImageOfPage":{"@id":"https:\/\/thouvenin.com\/en\/chambers-europe-2021-thouvenin-rechtsanwaelte-and-two-lawyers-again-ranked\/#primaryimage"},"image":{"@id":"https:\/\/thouvenin.com\/en\/chambers-europe-2021-thouvenin-rechtsanwaelte-and-two-lawyers-again-ranked\/#primaryimage"},"thumbnailUrl":"https:\/\/thouvenin.com\/wp-content\/uploads\/2019\/05\/thouvenin_birdview_page_image_11.jpg","datePublished":"2021-03-25T05:00:57+00:00","dateModified":"2021-03-25T07:29:34+00:00","author":{"@id":"https:\/\/thouvenin.com\/#\/schema\/person\/f3973abd346fd7f1bb510bcf7aac19c0"},"inLanguage":"en-US","potentialAction":[{"@type":"ReadAction","target":["https:\/\/thouvenin.com\/en\/chambers-europe-2021-thouvenin-rechtsanwaelte-and-two-lawyers-again-ranked\/"]}]},{"@type":"ImageObject","inLanguage":"en-US","@id":"https:\/\/thouvenin.com\/en\/chambers-europe-2021-thouvenin-rechtsanwaelte-and-two-lawyers-again-ranked\/#primaryimage","url":"https:\/\/thouvenin.com\/wp-content\/uploads\/2019\/05\/thouvenin_birdview_page_image_11.jpg","contentUrl":"https:\/\/thouvenin.com\/wp-content\/uploads\/2019\/05\/thouvenin_birdview_page_image_11.jpg","width":2560,"height":1440,"caption":"Thouvenin Rechtsanw\u00e4lte Aerial Birdview Zurich Switzerland"},{"@type":"WebSite","@id":"https:\/\/thouvenin.com\/#website","url":"https:\/\/thouvenin.com\/","name":"Thouvenin","description":"","potentialAction":[{"@type":"SearchAction","target":{"@type":"EntryPoint","urlTemplate":"https:\/\/thouvenin.com\/?s={search_term_string}"},"query-input":{"@type":"PropertyValueSpecification","valueRequired":true,"valueName":"search_term_string"}}],"inLanguage":"en-US"},{"@type":"Person","@id":"https:\/\/thouvenin.com\/#\/schema\/person\/f3973abd346fd7f1bb510bcf7aac19c0","name":"Daniela Manser","image":{"@type":"ImageObject","inLanguage":"en-US","@id":"https:\/\/secure.gravatar.com\/avatar\/fa8af1be80c3db9daa61304265ecb5c9593b936395b910f159f85278bae516e0?s=96&d=mm&r=g","url":"https:\/\/secure.gravatar.com\/avatar\/fa8af1be80c3db9daa61304265ecb5c9593b936395b910f159f85278bae516e0?s=96&d=mm&r=g","contentUrl":"https:\/\/secure.gravatar.com\/avatar\/fa8af1be80c3db9daa61304265ecb5c9593b936395b910f159f85278bae516e0?s=96&d=mm&r=g","caption":"Daniela Manser"},"url":"https:\/\/thouvenin.com\/en\/author\/daniela-manser\/"}]}},"_links":{"self":[{"href":"https:\/\/thouvenin.com\/en\/wp-json\/wp\/v2\/posts\/7291","targetHints":{"allow":["GET"]}}],"collection":[{"href":"https:\/\/thouvenin.com\/en\/wp-json\/wp\/v2\/posts"}],"about":[{"href":"https:\/\/thouvenin.com\/en\/wp-json\/wp\/v2\/types\/post"}],"author":[{"embeddable":true,"href":"https:\/\/thouvenin.com\/en\/wp-json\/wp\/v2\/users\/15"}],"replies":[{"embeddable":true,"href":"https:\/\/thouvenin.com\/en\/wp-json\/wp\/v2\/comments?post=7291"}],"version-history":[{"count":2,"href":"https:\/\/thouvenin.com\/en\/wp-json\/wp\/v2\/posts\/7291\/revisions"}],"predecessor-version":[{"id":7295,"href":"https:\/\/thouvenin.com\/en\/wp-json\/wp\/v2\/posts\/7291\/revisions\/7295"}],"wp:featuredmedia":[{"embeddable":true,"href":"https:\/\/thouvenin.com\/en\/wp-json\/wp\/v2\/media\/6239"}],"wp:attachment":[{"href":"https:\/\/thouvenin.com\/en\/wp-json\/wp\/v2\/media?parent=7291"}],"wp:term":[{"taxonomy":"category","embeddable":true,"href":"https:\/\/thouvenin.com\/en\/wp-json\/wp\/v2\/categories?post=7291"},{"taxonomy":"post_tag","embeddable":true,"href":"https:\/\/thouvenin.com\/en\/wp-json\/wp\/v2\/tags?post=7291"}],"curies":[{"name":"wp","href":"https:\/\/api.w.org\/{rel}","templated":true}]}}