{"id":5855,"date":"2019-01-28T11:56:31","date_gmt":"2019-01-28T10:56:31","guid":{"rendered":"https:\/\/thouvenin.com\/?p=5855"},"modified":"2019-01-28T12:00:01","modified_gmt":"2019-01-28T11:00:01","slug":"whos-who-legal-arbitration-hansjoerg-stutzer-recognized-as-arbitrator-and-michael-boesch-as-future-leader","status":"publish","type":"post","link":"https:\/\/thouvenin.com\/en\/whos-who-legal-arbitration-hansjoerg-stutzer-recognized-as-arbitrator-and-michael-boesch-as-future-leader\/","title":{"rendered":"Who&#8217;s Who Legal: Arbitration &#8211; Hansj\u00f6rg Stutzer recognized as Arbitrator and Michael B\u00f6sch as Future Leader"},"content":{"rendered":"<p>Who&#8217;s Who Legal: Arbitration (WWL: Arbitration) has canvassed and analyzed the opinions of law firm clients, as well as arbitration lawyers and experts from around the world and recognizes, same as in its previous edition, Hansj\u00f6rg Stutzer in the category arbitrator.<\/p>\n<p>In addition, WWL: Arbitration recognizes Michael B\u00f6sch again as Future Leader in the category Partners. Future Leaders must be aged 45 or younger and form the vanguard of the next generation of outstanding arbitration practitioners.<\/p>\n<p>According to WWL: Arbitration &#8220;Hansj\u00f6rg Stutzer is &#8220;an excellent chairman who manages even the most aggressive parties in a hearing&#8221;. A &#8220;very well connected&#8221; arbitrator, he has a wealth of expertise in the telecommunications and sports sectors in particular.&#8221;<\/p>\n<p>Michael B\u00f6sch is praised by WWL: Arbitration in noting: &#8220;Michael B\u00f6sch is lauded by peers as &#8220;an excellent lawyer&#8221; who is &#8220;intelligent, knowledgeable and responsive&#8221;.&#8221;<\/p>\n<p>For further information, please see <a href=\"https:\/\/whoswholegal.com\/firms\/1910\/thouvenin-rechtsanwalte-klg\/\">https:\/\/whoswholegal.com\/firms\/1910\/thouvenin-rechtsanwalte-klg<\/a><\/p>\n","protected":false},"excerpt":{"rendered":"<p>Who&#8217;s Who Legal: Arbitration &#8211; Hansj\u00f6rg Stutzer recognized as Arbitrator and Michael B\u00f6sch as Future Leader <\/p>\n","protected":false},"author":15,"featured_media":5305,"comment_status":"open","ping_status":"open","sticky":false,"template":"","format":"standard","meta":{"_acf_changed":false,"footnotes":"","_links_to":"","_links_to_target":""},"categories":[1],"tags":[],"class_list":["post-5855","post","type-post","status-publish","format-standard","has-post-thumbnail","hentry","category-uncategorized"],"acf":[],"yoast_head":"<!-- This site is optimized with the Yoast SEO plugin v27.2 - https:\/\/yoast.com\/product\/yoast-seo-wordpress\/ -->\r\n<title>Who&#039;s Who Legal: Arbitration - Hansj\u00f6rg Stutzer recognized as Arbitrator and Michael B\u00f6sch as Future Leader | Thouvenin Rechtsanw\u00e4lte<\/title>\r\n<meta name=\"robots\" content=\"index, follow, max-snippet:-1, max-image-preview:large, max-video-preview:-1\" \/>\r\n<link rel=\"canonical\" href=\"https:\/\/thouvenin.com\/en\/whos-who-legal-arbitration-hansjoerg-stutzer-recognized-as-arbitrator-and-michael-boesch-as-future-leader\/\" \/>\r\n<meta property=\"og:locale\" content=\"en_US\" \/>\r\n<meta property=\"og:type\" content=\"article\" \/>\r\n<meta property=\"og:title\" content=\"Who&#039;s Who Legal: Arbitration - Hansj\u00f6rg Stutzer recognized as Arbitrator and Michael B\u00f6sch as Future Leader | Thouvenin Rechtsanw\u00e4lte\" \/>\r\n<meta property=\"og:description\" content=\"Who&#039;s Who Legal: Arbitration - Hansj\u00f6rg Stutzer recognized as Arbitrator and Michael B\u00f6sch as Future Leader\" \/>\r\n<meta property=\"og:url\" content=\"https:\/\/thouvenin.com\/en\/whos-who-legal-arbitration-hansjoerg-stutzer-recognized-as-arbitrator-and-michael-boesch-as-future-leader\/\" \/>\r\n<meta property=\"og:site_name\" content=\"Thouvenin\" \/>\r\n<meta property=\"article:published_time\" content=\"2019-01-28T10:56:31+00:00\" \/>\r\n<meta property=\"article:modified_time\" content=\"2019-01-28T11:00:01+00:00\" \/>\r\n<meta property=\"og:image\" content=\"https:\/\/thouvenin.com\/wp-content\/uploads\/2018\/09\/thouvenin_hero_image_05-1.jpg\" \/>\r\n\t<meta property=\"og:image:width\" content=\"2560\" \/>\r\n\t<meta property=\"og:image:height\" content=\"1440\" \/>\r\n\t<meta property=\"og:image:type\" content=\"image\/jpeg\" \/>\r\n<meta name=\"author\" content=\"Daniela Manser\" \/>\r\n<meta name=\"twitter:card\" content=\"summary_large_image\" \/>\r\n<meta name=\"twitter:label1\" content=\"Written by\" \/>\n\t<meta name=\"twitter:data1\" content=\"Daniela Manser\" \/>\n\t<meta name=\"twitter:label2\" content=\"Est. reading time\" \/>\n\t<meta name=\"twitter:data2\" content=\"1 minute\" \/>\r\n<script type=\"application\/ld+json\" class=\"yoast-schema-graph\">{\"@context\":\"https:\/\/schema.org\",\"@graph\":[{\"@type\":\"Article\",\"@id\":\"https:\/\/thouvenin.com\/en\/whos-who-legal-arbitration-hansjoerg-stutzer-recognized-as-arbitrator-and-michael-boesch-as-future-leader\/#article\",\"isPartOf\":{\"@id\":\"https:\/\/thouvenin.com\/en\/whos-who-legal-arbitration-hansjoerg-stutzer-recognized-as-arbitrator-and-michael-boesch-as-future-leader\/\"},\"author\":{\"name\":\"Daniela Manser\",\"@id\":\"https:\/\/thouvenin.com\/#\/schema\/person\/f3973abd346fd7f1bb510bcf7aac19c0\"},\"headline\":\"Who&#8217;s Who Legal: Arbitration &#8211; Hansj\u00f6rg Stutzer recognized as Arbitrator and Michael B\u00f6sch as Future Leader\",\"datePublished\":\"2019-01-28T10:56:31+00:00\",\"dateModified\":\"2019-01-28T11:00:01+00:00\",\"mainEntityOfPage\":{\"@id\":\"https:\/\/thouvenin.com\/en\/whos-who-legal-arbitration-hansjoerg-stutzer-recognized-as-arbitrator-and-michael-boesch-as-future-leader\/\"},\"wordCount\":174,\"commentCount\":0,\"image\":{\"@id\":\"https:\/\/thouvenin.com\/en\/whos-who-legal-arbitration-hansjoerg-stutzer-recognized-as-arbitrator-and-michael-boesch-as-future-leader\/#primaryimage\"},\"thumbnailUrl\":\"https:\/\/thouvenin.com\/wp-content\/uploads\/2018\/09\/thouvenin_hero_image_05-1.jpg\",\"inLanguage\":\"en-US\",\"potentialAction\":[{\"@type\":\"CommentAction\",\"name\":\"Comment\",\"target\":[\"https:\/\/thouvenin.com\/en\/whos-who-legal-arbitration-hansjoerg-stutzer-recognized-as-arbitrator-and-michael-boesch-as-future-leader\/#respond\"]}]},{\"@type\":\"WebPage\",\"@id\":\"https:\/\/thouvenin.com\/en\/whos-who-legal-arbitration-hansjoerg-stutzer-recognized-as-arbitrator-and-michael-boesch-as-future-leader\/\",\"url\":\"https:\/\/thouvenin.com\/en\/whos-who-legal-arbitration-hansjoerg-stutzer-recognized-as-arbitrator-and-michael-boesch-as-future-leader\/\",\"name\":\"Who's Who Legal: Arbitration - Hansj\u00f6rg Stutzer recognized as Arbitrator and Michael B\u00f6sch as Future Leader | Thouvenin Rechtsanw\u00e4lte\",\"isPartOf\":{\"@id\":\"https:\/\/thouvenin.com\/#website\"},\"primaryImageOfPage\":{\"@id\":\"https:\/\/thouvenin.com\/en\/whos-who-legal-arbitration-hansjoerg-stutzer-recognized-as-arbitrator-and-michael-boesch-as-future-leader\/#primaryimage\"},\"image\":{\"@id\":\"https:\/\/thouvenin.com\/en\/whos-who-legal-arbitration-hansjoerg-stutzer-recognized-as-arbitrator-and-michael-boesch-as-future-leader\/#primaryimage\"},\"thumbnailUrl\":\"https:\/\/thouvenin.com\/wp-content\/uploads\/2018\/09\/thouvenin_hero_image_05-1.jpg\",\"datePublished\":\"2019-01-28T10:56:31+00:00\",\"dateModified\":\"2019-01-28T11:00:01+00:00\",\"author\":{\"@id\":\"https:\/\/thouvenin.com\/#\/schema\/person\/f3973abd346fd7f1bb510bcf7aac19c0\"},\"inLanguage\":\"en-US\",\"potentialAction\":[{\"@type\":\"ReadAction\",\"target\":[\"https:\/\/thouvenin.com\/en\/whos-who-legal-arbitration-hansjoerg-stutzer-recognized-as-arbitrator-and-michael-boesch-as-future-leader\/\"]}]},{\"@type\":\"ImageObject\",\"inLanguage\":\"en-US\",\"@id\":\"https:\/\/thouvenin.com\/en\/whos-who-legal-arbitration-hansjoerg-stutzer-recognized-as-arbitrator-and-michael-boesch-as-future-leader\/#primaryimage\",\"url\":\"https:\/\/thouvenin.com\/wp-content\/uploads\/2018\/09\/thouvenin_hero_image_05-1.jpg\",\"contentUrl\":\"https:\/\/thouvenin.com\/wp-content\/uploads\/2018\/09\/thouvenin_hero_image_05-1.jpg\",\"width\":2560,\"height\":1440,\"caption\":\"Thouvenin Rechtsanw\u00e4lte Aerial Birdview Zurich Switzerland\"},{\"@type\":\"WebSite\",\"@id\":\"https:\/\/thouvenin.com\/#website\",\"url\":\"https:\/\/thouvenin.com\/\",\"name\":\"Thouvenin\",\"description\":\"\",\"potentialAction\":[{\"@type\":\"SearchAction\",\"target\":{\"@type\":\"EntryPoint\",\"urlTemplate\":\"https:\/\/thouvenin.com\/?s={search_term_string}\"},\"query-input\":{\"@type\":\"PropertyValueSpecification\",\"valueRequired\":true,\"valueName\":\"search_term_string\"}}],\"inLanguage\":\"en-US\"},{\"@type\":\"Person\",\"@id\":\"https:\/\/thouvenin.com\/#\/schema\/person\/f3973abd346fd7f1bb510bcf7aac19c0\",\"name\":\"Daniela Manser\",\"image\":{\"@type\":\"ImageObject\",\"inLanguage\":\"en-US\",\"@id\":\"https:\/\/secure.gravatar.com\/avatar\/fa8af1be80c3db9daa61304265ecb5c9593b936395b910f159f85278bae516e0?s=96&d=mm&r=g\",\"url\":\"https:\/\/secure.gravatar.com\/avatar\/fa8af1be80c3db9daa61304265ecb5c9593b936395b910f159f85278bae516e0?s=96&d=mm&r=g\",\"contentUrl\":\"https:\/\/secure.gravatar.com\/avatar\/fa8af1be80c3db9daa61304265ecb5c9593b936395b910f159f85278bae516e0?s=96&d=mm&r=g\",\"caption\":\"Daniela Manser\"},\"url\":\"https:\/\/thouvenin.com\/en\/author\/daniela-manser\/\"}]}<\/script>\r\n<!-- \/ Yoast SEO plugin. -->","yoast_head_json":{"title":"Who's Who Legal: Arbitration - Hansj\u00f6rg Stutzer recognized as Arbitrator and Michael B\u00f6sch as Future Leader | Thouvenin Rechtsanw\u00e4lte","robots":{"index":"index","follow":"follow","max-snippet":"max-snippet:-1","max-image-preview":"max-image-preview:large","max-video-preview":"max-video-preview:-1"},"canonical":"https:\/\/thouvenin.com\/en\/whos-who-legal-arbitration-hansjoerg-stutzer-recognized-as-arbitrator-and-michael-boesch-as-future-leader\/","og_locale":"en_US","og_type":"article","og_title":"Who's Who Legal: Arbitration - Hansj\u00f6rg Stutzer recognized as Arbitrator and Michael B\u00f6sch as Future Leader | Thouvenin Rechtsanw\u00e4lte","og_description":"Who's Who Legal: Arbitration - Hansj\u00f6rg Stutzer recognized as Arbitrator and Michael B\u00f6sch as Future Leader","og_url":"https:\/\/thouvenin.com\/en\/whos-who-legal-arbitration-hansjoerg-stutzer-recognized-as-arbitrator-and-michael-boesch-as-future-leader\/","og_site_name":"Thouvenin","article_published_time":"2019-01-28T10:56:31+00:00","article_modified_time":"2019-01-28T11:00:01+00:00","og_image":[{"width":2560,"height":1440,"url":"https:\/\/thouvenin.com\/wp-content\/uploads\/2018\/09\/thouvenin_hero_image_05-1.jpg","type":"image\/jpeg"}],"author":"Daniela Manser","twitter_card":"summary_large_image","twitter_misc":{"Written by":"Daniela Manser","Est. reading time":"1 minute"},"schema":{"@context":"https:\/\/schema.org","@graph":[{"@type":"Article","@id":"https:\/\/thouvenin.com\/en\/whos-who-legal-arbitration-hansjoerg-stutzer-recognized-as-arbitrator-and-michael-boesch-as-future-leader\/#article","isPartOf":{"@id":"https:\/\/thouvenin.com\/en\/whos-who-legal-arbitration-hansjoerg-stutzer-recognized-as-arbitrator-and-michael-boesch-as-future-leader\/"},"author":{"name":"Daniela Manser","@id":"https:\/\/thouvenin.com\/#\/schema\/person\/f3973abd346fd7f1bb510bcf7aac19c0"},"headline":"Who&#8217;s Who Legal: Arbitration &#8211; Hansj\u00f6rg Stutzer recognized as Arbitrator and Michael B\u00f6sch as Future Leader","datePublished":"2019-01-28T10:56:31+00:00","dateModified":"2019-01-28T11:00:01+00:00","mainEntityOfPage":{"@id":"https:\/\/thouvenin.com\/en\/whos-who-legal-arbitration-hansjoerg-stutzer-recognized-as-arbitrator-and-michael-boesch-as-future-leader\/"},"wordCount":174,"commentCount":0,"image":{"@id":"https:\/\/thouvenin.com\/en\/whos-who-legal-arbitration-hansjoerg-stutzer-recognized-as-arbitrator-and-michael-boesch-as-future-leader\/#primaryimage"},"thumbnailUrl":"https:\/\/thouvenin.com\/wp-content\/uploads\/2018\/09\/thouvenin_hero_image_05-1.jpg","inLanguage":"en-US","potentialAction":[{"@type":"CommentAction","name":"Comment","target":["https:\/\/thouvenin.com\/en\/whos-who-legal-arbitration-hansjoerg-stutzer-recognized-as-arbitrator-and-michael-boesch-as-future-leader\/#respond"]}]},{"@type":"WebPage","@id":"https:\/\/thouvenin.com\/en\/whos-who-legal-arbitration-hansjoerg-stutzer-recognized-as-arbitrator-and-michael-boesch-as-future-leader\/","url":"https:\/\/thouvenin.com\/en\/whos-who-legal-arbitration-hansjoerg-stutzer-recognized-as-arbitrator-and-michael-boesch-as-future-leader\/","name":"Who's Who Legal: Arbitration - Hansj\u00f6rg Stutzer recognized as Arbitrator and Michael B\u00f6sch as Future Leader | Thouvenin Rechtsanw\u00e4lte","isPartOf":{"@id":"https:\/\/thouvenin.com\/#website"},"primaryImageOfPage":{"@id":"https:\/\/thouvenin.com\/en\/whos-who-legal-arbitration-hansjoerg-stutzer-recognized-as-arbitrator-and-michael-boesch-as-future-leader\/#primaryimage"},"image":{"@id":"https:\/\/thouvenin.com\/en\/whos-who-legal-arbitration-hansjoerg-stutzer-recognized-as-arbitrator-and-michael-boesch-as-future-leader\/#primaryimage"},"thumbnailUrl":"https:\/\/thouvenin.com\/wp-content\/uploads\/2018\/09\/thouvenin_hero_image_05-1.jpg","datePublished":"2019-01-28T10:56:31+00:00","dateModified":"2019-01-28T11:00:01+00:00","author":{"@id":"https:\/\/thouvenin.com\/#\/schema\/person\/f3973abd346fd7f1bb510bcf7aac19c0"},"inLanguage":"en-US","potentialAction":[{"@type":"ReadAction","target":["https:\/\/thouvenin.com\/en\/whos-who-legal-arbitration-hansjoerg-stutzer-recognized-as-arbitrator-and-michael-boesch-as-future-leader\/"]}]},{"@type":"ImageObject","inLanguage":"en-US","@id":"https:\/\/thouvenin.com\/en\/whos-who-legal-arbitration-hansjoerg-stutzer-recognized-as-arbitrator-and-michael-boesch-as-future-leader\/#primaryimage","url":"https:\/\/thouvenin.com\/wp-content\/uploads\/2018\/09\/thouvenin_hero_image_05-1.jpg","contentUrl":"https:\/\/thouvenin.com\/wp-content\/uploads\/2018\/09\/thouvenin_hero_image_05-1.jpg","width":2560,"height":1440,"caption":"Thouvenin Rechtsanw\u00e4lte Aerial Birdview Zurich Switzerland"},{"@type":"WebSite","@id":"https:\/\/thouvenin.com\/#website","url":"https:\/\/thouvenin.com\/","name":"Thouvenin","description":"","potentialAction":[{"@type":"SearchAction","target":{"@type":"EntryPoint","urlTemplate":"https:\/\/thouvenin.com\/?s={search_term_string}"},"query-input":{"@type":"PropertyValueSpecification","valueRequired":true,"valueName":"search_term_string"}}],"inLanguage":"en-US"},{"@type":"Person","@id":"https:\/\/thouvenin.com\/#\/schema\/person\/f3973abd346fd7f1bb510bcf7aac19c0","name":"Daniela Manser","image":{"@type":"ImageObject","inLanguage":"en-US","@id":"https:\/\/secure.gravatar.com\/avatar\/fa8af1be80c3db9daa61304265ecb5c9593b936395b910f159f85278bae516e0?s=96&d=mm&r=g","url":"https:\/\/secure.gravatar.com\/avatar\/fa8af1be80c3db9daa61304265ecb5c9593b936395b910f159f85278bae516e0?s=96&d=mm&r=g","contentUrl":"https:\/\/secure.gravatar.com\/avatar\/fa8af1be80c3db9daa61304265ecb5c9593b936395b910f159f85278bae516e0?s=96&d=mm&r=g","caption":"Daniela Manser"},"url":"https:\/\/thouvenin.com\/en\/author\/daniela-manser\/"}]}},"_links":{"self":[{"href":"https:\/\/thouvenin.com\/en\/wp-json\/wp\/v2\/posts\/5855","targetHints":{"allow":["GET"]}}],"collection":[{"href":"https:\/\/thouvenin.com\/en\/wp-json\/wp\/v2\/posts"}],"about":[{"href":"https:\/\/thouvenin.com\/en\/wp-json\/wp\/v2\/types\/post"}],"author":[{"embeddable":true,"href":"https:\/\/thouvenin.com\/en\/wp-json\/wp\/v2\/users\/15"}],"replies":[{"embeddable":true,"href":"https:\/\/thouvenin.com\/en\/wp-json\/wp\/v2\/comments?post=5855"}],"version-history":[{"count":3,"href":"https:\/\/thouvenin.com\/en\/wp-json\/wp\/v2\/posts\/5855\/revisions"}],"predecessor-version":[{"id":5858,"href":"https:\/\/thouvenin.com\/en\/wp-json\/wp\/v2\/posts\/5855\/revisions\/5858"}],"wp:featuredmedia":[{"embeddable":true,"href":"https:\/\/thouvenin.com\/en\/wp-json\/wp\/v2\/media\/5305"}],"wp:attachment":[{"href":"https:\/\/thouvenin.com\/en\/wp-json\/wp\/v2\/media?parent=5855"}],"wp:term":[{"taxonomy":"category","embeddable":true,"href":"https:\/\/thouvenin.com\/en\/wp-json\/wp\/v2\/categories?post=5855"},{"taxonomy":"post_tag","embeddable":true,"href":"https:\/\/thouvenin.com\/en\/wp-json\/wp\/v2\/tags?post=5855"}],"curies":[{"name":"wp","href":"https:\/\/api.w.org\/{rel}","templated":true}]}}