{"id":5834,"date":"2019-01-14T13:20:33","date_gmt":"2019-01-14T12:20:33","guid":{"rendered":"https:\/\/thouvenin.com\/?p=5834"},"modified":"2019-01-21T15:08:44","modified_gmt":"2019-01-21T14:08:44","slug":"whos-who-legal-litigation-thouvenin-rechtsanwaelte-recognized-as-leading-firm-and-patrick-rohn-and-michael-boesch-as-future-leaders","status":"publish","type":"post","link":"https:\/\/thouvenin.com\/en\/whos-who-legal-litigation-thouvenin-rechtsanwaelte-recognized-as-leading-firm-and-patrick-rohn-and-michael-boesch-as-future-leaders\/","title":{"rendered":"Who&#8217;s Who Legal: Litigation &#8211; Thouvenin Rechtsanw\u00e4lte recognized as Leading Firm and Patrick Rohn and Michael B\u00f6sch as Future Leaders"},"content":{"rendered":"<p>Who&#8217;s Who Legal: Litigation (WWL: Litigation) has canvassed and analyzed the opinions of law firm clients and litigation experts and recognized, based on its in-depth research, Thouvenin Rechtsanw\u00e4lte as Leading Firm, calling it a &#8220;<em>standout firm in Switzerland<\/em>&#8220;.<\/p>\n<p>In addition, Patrick Rohn and Michael B\u00f6sch were named as Future Leaders in the category Partners. Future Leaders are standout practitioners in the litigation field aged 45 or younger and are recognized for their &#8220;<em>innovative and outstanding work in connection with contentious dispute resolution<\/em>&#8220;.<\/p>\n<p>According to WWL: Litigation &#8220;<em>Patrick Rohn receives widespread praise from peers and clients alike, as interviewees commend his &#8220;strong analytical skills&#8221; and note that he is &#8220;very thorough indeed, with a complete grasp of the law involved.<\/em>&#8221;<\/p>\n<p>Michael B\u00f6sch features moreover as second most highly regarded Future Leader in Europe and is praised by WWL: Litigation as follows: &#8220;<em>The &#8220;outstanding&#8221; Michael B\u00f6sch boasts a broad and expert practice representing clients on both a domestic and an international scale on a range of high-value and complex disputes.<\/em>&#8221;<\/p>\n<p>For further information, please visit the following two links <a href=\"https:\/\/whoswholegal.com\/firms\/1910\/thouvenin-rechtsanwalte-klg\/\">https:\/\/whoswholegal.com\/firms\/1910\/thouvenin-rechtsanwalte-klg\/<\/a><\/p>\n<a class=\"file-link\" target=\"_blank\" href=\"https:\/\/thouvenin.com\/wp-content\/uploads\/2019\/01\/2019-01-01-WWL-Litigation-2018.pdf\">2019-01-01-WWL-Litigation-2018.pdf <span class=\"file-info\">(pdf 123 KB)<\/span><\/a>\n","protected":false},"excerpt":{"rendered":"<p>Who&#8217;s Who Legal: Litigation &#8211; Thouvenin Rechtsanw\u00e4lte recognized as Leading Firm and Patrick Rohn and Michael B\u00f6sch as Future Leaders<\/p>\n","protected":false},"author":15,"featured_media":5308,"comment_status":"open","ping_status":"open","sticky":false,"template":"","format":"standard","meta":{"_acf_changed":false,"footnotes":"","_links_to":"","_links_to_target":""},"categories":[1],"tags":[],"class_list":["post-5834","post","type-post","status-publish","format-standard","has-post-thumbnail","hentry","category-uncategorized"],"acf":[],"yoast_head":"<!-- This site is optimized with the Yoast SEO plugin v27.2 - https:\/\/yoast.com\/product\/yoast-seo-wordpress\/ -->\r\n<title>Who&#039;s Who Legal: Litigation - Thouvenin Rechtsanw\u00e4lte recognized as Leading Firm and Patrick Rohn and Michael B\u00f6sch as Future Leaders | Thouvenin Rechtsanw\u00e4lte<\/title>\r\n<meta name=\"robots\" content=\"index, follow, max-snippet:-1, max-image-preview:large, max-video-preview:-1\" \/>\r\n<link rel=\"canonical\" href=\"https:\/\/thouvenin.com\/en\/whos-who-legal-litigation-thouvenin-rechtsanwaelte-recognized-as-leading-firm-and-patrick-rohn-and-michael-boesch-as-future-leaders\/\" \/>\r\n<meta property=\"og:locale\" content=\"en_US\" \/>\r\n<meta property=\"og:type\" content=\"article\" \/>\r\n<meta property=\"og:title\" content=\"Who&#039;s Who Legal: Litigation - Thouvenin Rechtsanw\u00e4lte recognized as Leading Firm and Patrick Rohn and Michael B\u00f6sch as Future Leaders | Thouvenin Rechtsanw\u00e4lte\" \/>\r\n<meta property=\"og:description\" content=\"Who&#039;s Who Legal: Litigation - Thouvenin Rechtsanw\u00e4lte recognized as Leading Firm and Patrick Rohn and Michael B\u00f6sch as Future Leaders\" \/>\r\n<meta property=\"og:url\" content=\"https:\/\/thouvenin.com\/en\/whos-who-legal-litigation-thouvenin-rechtsanwaelte-recognized-as-leading-firm-and-patrick-rohn-and-michael-boesch-as-future-leaders\/\" \/>\r\n<meta property=\"og:site_name\" content=\"Thouvenin\" \/>\r\n<meta property=\"article:published_time\" content=\"2019-01-14T12:20:33+00:00\" \/>\r\n<meta property=\"article:modified_time\" content=\"2019-01-21T14:08:44+00:00\" \/>\r\n<meta property=\"og:image\" content=\"https:\/\/thouvenin.com\/wp-content\/uploads\/2018\/09\/thouvenin_hero_image_14-1.jpg\" \/>\r\n\t<meta property=\"og:image:width\" content=\"2560\" \/>\r\n\t<meta property=\"og:image:height\" content=\"1440\" \/>\r\n\t<meta property=\"og:image:type\" content=\"image\/jpeg\" \/>\r\n<meta name=\"author\" content=\"Daniela Manser\" \/>\r\n<meta name=\"twitter:card\" content=\"summary_large_image\" \/>\r\n<meta name=\"twitter:label1\" content=\"Written by\" \/>\n\t<meta name=\"twitter:data1\" content=\"Daniela Manser\" \/>\n\t<meta name=\"twitter:label2\" content=\"Est. reading time\" \/>\n\t<meta name=\"twitter:data2\" content=\"1 minute\" \/>\r\n<script type=\"application\/ld+json\" class=\"yoast-schema-graph\">{\"@context\":\"https:\/\/schema.org\",\"@graph\":[{\"@type\":\"Article\",\"@id\":\"https:\/\/thouvenin.com\/en\/whos-who-legal-litigation-thouvenin-rechtsanwaelte-recognized-as-leading-firm-and-patrick-rohn-and-michael-boesch-as-future-leaders\/#article\",\"isPartOf\":{\"@id\":\"https:\/\/thouvenin.com\/en\/whos-who-legal-litigation-thouvenin-rechtsanwaelte-recognized-as-leading-firm-and-patrick-rohn-and-michael-boesch-as-future-leaders\/\"},\"author\":{\"name\":\"Daniela Manser\",\"@id\":\"https:\/\/thouvenin.com\/#\/schema\/person\/f3973abd346fd7f1bb510bcf7aac19c0\"},\"headline\":\"Who&#8217;s Who Legal: Litigation &#8211; Thouvenin Rechtsanw\u00e4lte recognized as Leading Firm and Patrick Rohn and Michael B\u00f6sch as Future Leaders\",\"datePublished\":\"2019-01-14T12:20:33+00:00\",\"dateModified\":\"2019-01-21T14:08:44+00:00\",\"mainEntityOfPage\":{\"@id\":\"https:\/\/thouvenin.com\/en\/whos-who-legal-litigation-thouvenin-rechtsanwaelte-recognized-as-leading-firm-and-patrick-rohn-and-michael-boesch-as-future-leaders\/\"},\"wordCount\":210,\"commentCount\":0,\"image\":{\"@id\":\"https:\/\/thouvenin.com\/en\/whos-who-legal-litigation-thouvenin-rechtsanwaelte-recognized-as-leading-firm-and-patrick-rohn-and-michael-boesch-as-future-leaders\/#primaryimage\"},\"thumbnailUrl\":\"https:\/\/thouvenin.com\/wp-content\/uploads\/2018\/09\/thouvenin_hero_image_14-1.jpg\",\"inLanguage\":\"en-US\",\"potentialAction\":[{\"@type\":\"CommentAction\",\"name\":\"Comment\",\"target\":[\"https:\/\/thouvenin.com\/en\/whos-who-legal-litigation-thouvenin-rechtsanwaelte-recognized-as-leading-firm-and-patrick-rohn-and-michael-boesch-as-future-leaders\/#respond\"]}]},{\"@type\":\"WebPage\",\"@id\":\"https:\/\/thouvenin.com\/en\/whos-who-legal-litigation-thouvenin-rechtsanwaelte-recognized-as-leading-firm-and-patrick-rohn-and-michael-boesch-as-future-leaders\/\",\"url\":\"https:\/\/thouvenin.com\/en\/whos-who-legal-litigation-thouvenin-rechtsanwaelte-recognized-as-leading-firm-and-patrick-rohn-and-michael-boesch-as-future-leaders\/\",\"name\":\"Who's Who Legal: Litigation - Thouvenin Rechtsanw\u00e4lte recognized as Leading Firm and Patrick Rohn and Michael B\u00f6sch as Future Leaders | Thouvenin Rechtsanw\u00e4lte\",\"isPartOf\":{\"@id\":\"https:\/\/thouvenin.com\/#website\"},\"primaryImageOfPage\":{\"@id\":\"https:\/\/thouvenin.com\/en\/whos-who-legal-litigation-thouvenin-rechtsanwaelte-recognized-as-leading-firm-and-patrick-rohn-and-michael-boesch-as-future-leaders\/#primaryimage\"},\"image\":{\"@id\":\"https:\/\/thouvenin.com\/en\/whos-who-legal-litigation-thouvenin-rechtsanwaelte-recognized-as-leading-firm-and-patrick-rohn-and-michael-boesch-as-future-leaders\/#primaryimage\"},\"thumbnailUrl\":\"https:\/\/thouvenin.com\/wp-content\/uploads\/2018\/09\/thouvenin_hero_image_14-1.jpg\",\"datePublished\":\"2019-01-14T12:20:33+00:00\",\"dateModified\":\"2019-01-21T14:08:44+00:00\",\"author\":{\"@id\":\"https:\/\/thouvenin.com\/#\/schema\/person\/f3973abd346fd7f1bb510bcf7aac19c0\"},\"inLanguage\":\"en-US\",\"potentialAction\":[{\"@type\":\"ReadAction\",\"target\":[\"https:\/\/thouvenin.com\/en\/whos-who-legal-litigation-thouvenin-rechtsanwaelte-recognized-as-leading-firm-and-patrick-rohn-and-michael-boesch-as-future-leaders\/\"]}]},{\"@type\":\"ImageObject\",\"inLanguage\":\"en-US\",\"@id\":\"https:\/\/thouvenin.com\/en\/whos-who-legal-litigation-thouvenin-rechtsanwaelte-recognized-as-leading-firm-and-patrick-rohn-and-michael-boesch-as-future-leaders\/#primaryimage\",\"url\":\"https:\/\/thouvenin.com\/wp-content\/uploads\/2018\/09\/thouvenin_hero_image_14-1.jpg\",\"contentUrl\":\"https:\/\/thouvenin.com\/wp-content\/uploads\/2018\/09\/thouvenin_hero_image_14-1.jpg\",\"width\":2560,\"height\":1440,\"caption\":\"Thouvenin Rechtsanw\u00e4lte Aerial Birdview Zurich Switzerland\"},{\"@type\":\"WebSite\",\"@id\":\"https:\/\/thouvenin.com\/#website\",\"url\":\"https:\/\/thouvenin.com\/\",\"name\":\"Thouvenin\",\"description\":\"\",\"potentialAction\":[{\"@type\":\"SearchAction\",\"target\":{\"@type\":\"EntryPoint\",\"urlTemplate\":\"https:\/\/thouvenin.com\/?s={search_term_string}\"},\"query-input\":{\"@type\":\"PropertyValueSpecification\",\"valueRequired\":true,\"valueName\":\"search_term_string\"}}],\"inLanguage\":\"en-US\"},{\"@type\":\"Person\",\"@id\":\"https:\/\/thouvenin.com\/#\/schema\/person\/f3973abd346fd7f1bb510bcf7aac19c0\",\"name\":\"Daniela Manser\",\"image\":{\"@type\":\"ImageObject\",\"inLanguage\":\"en-US\",\"@id\":\"https:\/\/secure.gravatar.com\/avatar\/fa8af1be80c3db9daa61304265ecb5c9593b936395b910f159f85278bae516e0?s=96&d=mm&r=g\",\"url\":\"https:\/\/secure.gravatar.com\/avatar\/fa8af1be80c3db9daa61304265ecb5c9593b936395b910f159f85278bae516e0?s=96&d=mm&r=g\",\"contentUrl\":\"https:\/\/secure.gravatar.com\/avatar\/fa8af1be80c3db9daa61304265ecb5c9593b936395b910f159f85278bae516e0?s=96&d=mm&r=g\",\"caption\":\"Daniela Manser\"},\"url\":\"https:\/\/thouvenin.com\/en\/author\/daniela-manser\/\"}]}<\/script>\r\n<!-- \/ Yoast SEO plugin. -->","yoast_head_json":{"title":"Who's Who Legal: Litigation - Thouvenin Rechtsanw\u00e4lte recognized as Leading Firm and Patrick Rohn and Michael B\u00f6sch as Future Leaders | Thouvenin Rechtsanw\u00e4lte","robots":{"index":"index","follow":"follow","max-snippet":"max-snippet:-1","max-image-preview":"max-image-preview:large","max-video-preview":"max-video-preview:-1"},"canonical":"https:\/\/thouvenin.com\/en\/whos-who-legal-litigation-thouvenin-rechtsanwaelte-recognized-as-leading-firm-and-patrick-rohn-and-michael-boesch-as-future-leaders\/","og_locale":"en_US","og_type":"article","og_title":"Who's Who Legal: Litigation - Thouvenin Rechtsanw\u00e4lte recognized as Leading Firm and Patrick Rohn and Michael B\u00f6sch as Future Leaders | Thouvenin Rechtsanw\u00e4lte","og_description":"Who's Who Legal: Litigation - Thouvenin Rechtsanw\u00e4lte recognized as Leading Firm and Patrick Rohn and Michael B\u00f6sch as Future Leaders","og_url":"https:\/\/thouvenin.com\/en\/whos-who-legal-litigation-thouvenin-rechtsanwaelte-recognized-as-leading-firm-and-patrick-rohn-and-michael-boesch-as-future-leaders\/","og_site_name":"Thouvenin","article_published_time":"2019-01-14T12:20:33+00:00","article_modified_time":"2019-01-21T14:08:44+00:00","og_image":[{"width":2560,"height":1440,"url":"https:\/\/thouvenin.com\/wp-content\/uploads\/2018\/09\/thouvenin_hero_image_14-1.jpg","type":"image\/jpeg"}],"author":"Daniela Manser","twitter_card":"summary_large_image","twitter_misc":{"Written by":"Daniela Manser","Est. reading time":"1 minute"},"schema":{"@context":"https:\/\/schema.org","@graph":[{"@type":"Article","@id":"https:\/\/thouvenin.com\/en\/whos-who-legal-litigation-thouvenin-rechtsanwaelte-recognized-as-leading-firm-and-patrick-rohn-and-michael-boesch-as-future-leaders\/#article","isPartOf":{"@id":"https:\/\/thouvenin.com\/en\/whos-who-legal-litigation-thouvenin-rechtsanwaelte-recognized-as-leading-firm-and-patrick-rohn-and-michael-boesch-as-future-leaders\/"},"author":{"name":"Daniela Manser","@id":"https:\/\/thouvenin.com\/#\/schema\/person\/f3973abd346fd7f1bb510bcf7aac19c0"},"headline":"Who&#8217;s Who Legal: Litigation &#8211; Thouvenin Rechtsanw\u00e4lte recognized as Leading Firm and Patrick Rohn and Michael B\u00f6sch as Future Leaders","datePublished":"2019-01-14T12:20:33+00:00","dateModified":"2019-01-21T14:08:44+00:00","mainEntityOfPage":{"@id":"https:\/\/thouvenin.com\/en\/whos-who-legal-litigation-thouvenin-rechtsanwaelte-recognized-as-leading-firm-and-patrick-rohn-and-michael-boesch-as-future-leaders\/"},"wordCount":210,"commentCount":0,"image":{"@id":"https:\/\/thouvenin.com\/en\/whos-who-legal-litigation-thouvenin-rechtsanwaelte-recognized-as-leading-firm-and-patrick-rohn-and-michael-boesch-as-future-leaders\/#primaryimage"},"thumbnailUrl":"https:\/\/thouvenin.com\/wp-content\/uploads\/2018\/09\/thouvenin_hero_image_14-1.jpg","inLanguage":"en-US","potentialAction":[{"@type":"CommentAction","name":"Comment","target":["https:\/\/thouvenin.com\/en\/whos-who-legal-litigation-thouvenin-rechtsanwaelte-recognized-as-leading-firm-and-patrick-rohn-and-michael-boesch-as-future-leaders\/#respond"]}]},{"@type":"WebPage","@id":"https:\/\/thouvenin.com\/en\/whos-who-legal-litigation-thouvenin-rechtsanwaelte-recognized-as-leading-firm-and-patrick-rohn-and-michael-boesch-as-future-leaders\/","url":"https:\/\/thouvenin.com\/en\/whos-who-legal-litigation-thouvenin-rechtsanwaelte-recognized-as-leading-firm-and-patrick-rohn-and-michael-boesch-as-future-leaders\/","name":"Who's Who Legal: Litigation - Thouvenin Rechtsanw\u00e4lte recognized as Leading Firm and Patrick Rohn and Michael B\u00f6sch as Future Leaders | Thouvenin Rechtsanw\u00e4lte","isPartOf":{"@id":"https:\/\/thouvenin.com\/#website"},"primaryImageOfPage":{"@id":"https:\/\/thouvenin.com\/en\/whos-who-legal-litigation-thouvenin-rechtsanwaelte-recognized-as-leading-firm-and-patrick-rohn-and-michael-boesch-as-future-leaders\/#primaryimage"},"image":{"@id":"https:\/\/thouvenin.com\/en\/whos-who-legal-litigation-thouvenin-rechtsanwaelte-recognized-as-leading-firm-and-patrick-rohn-and-michael-boesch-as-future-leaders\/#primaryimage"},"thumbnailUrl":"https:\/\/thouvenin.com\/wp-content\/uploads\/2018\/09\/thouvenin_hero_image_14-1.jpg","datePublished":"2019-01-14T12:20:33+00:00","dateModified":"2019-01-21T14:08:44+00:00","author":{"@id":"https:\/\/thouvenin.com\/#\/schema\/person\/f3973abd346fd7f1bb510bcf7aac19c0"},"inLanguage":"en-US","potentialAction":[{"@type":"ReadAction","target":["https:\/\/thouvenin.com\/en\/whos-who-legal-litigation-thouvenin-rechtsanwaelte-recognized-as-leading-firm-and-patrick-rohn-and-michael-boesch-as-future-leaders\/"]}]},{"@type":"ImageObject","inLanguage":"en-US","@id":"https:\/\/thouvenin.com\/en\/whos-who-legal-litigation-thouvenin-rechtsanwaelte-recognized-as-leading-firm-and-patrick-rohn-and-michael-boesch-as-future-leaders\/#primaryimage","url":"https:\/\/thouvenin.com\/wp-content\/uploads\/2018\/09\/thouvenin_hero_image_14-1.jpg","contentUrl":"https:\/\/thouvenin.com\/wp-content\/uploads\/2018\/09\/thouvenin_hero_image_14-1.jpg","width":2560,"height":1440,"caption":"Thouvenin Rechtsanw\u00e4lte Aerial Birdview Zurich Switzerland"},{"@type":"WebSite","@id":"https:\/\/thouvenin.com\/#website","url":"https:\/\/thouvenin.com\/","name":"Thouvenin","description":"","potentialAction":[{"@type":"SearchAction","target":{"@type":"EntryPoint","urlTemplate":"https:\/\/thouvenin.com\/?s={search_term_string}"},"query-input":{"@type":"PropertyValueSpecification","valueRequired":true,"valueName":"search_term_string"}}],"inLanguage":"en-US"},{"@type":"Person","@id":"https:\/\/thouvenin.com\/#\/schema\/person\/f3973abd346fd7f1bb510bcf7aac19c0","name":"Daniela Manser","image":{"@type":"ImageObject","inLanguage":"en-US","@id":"https:\/\/secure.gravatar.com\/avatar\/fa8af1be80c3db9daa61304265ecb5c9593b936395b910f159f85278bae516e0?s=96&d=mm&r=g","url":"https:\/\/secure.gravatar.com\/avatar\/fa8af1be80c3db9daa61304265ecb5c9593b936395b910f159f85278bae516e0?s=96&d=mm&r=g","contentUrl":"https:\/\/secure.gravatar.com\/avatar\/fa8af1be80c3db9daa61304265ecb5c9593b936395b910f159f85278bae516e0?s=96&d=mm&r=g","caption":"Daniela Manser"},"url":"https:\/\/thouvenin.com\/en\/author\/daniela-manser\/"}]}},"_links":{"self":[{"href":"https:\/\/thouvenin.com\/en\/wp-json\/wp\/v2\/posts\/5834","targetHints":{"allow":["GET"]}}],"collection":[{"href":"https:\/\/thouvenin.com\/en\/wp-json\/wp\/v2\/posts"}],"about":[{"href":"https:\/\/thouvenin.com\/en\/wp-json\/wp\/v2\/types\/post"}],"author":[{"embeddable":true,"href":"https:\/\/thouvenin.com\/en\/wp-json\/wp\/v2\/users\/15"}],"replies":[{"embeddable":true,"href":"https:\/\/thouvenin.com\/en\/wp-json\/wp\/v2\/comments?post=5834"}],"version-history":[{"count":5,"href":"https:\/\/thouvenin.com\/en\/wp-json\/wp\/v2\/posts\/5834\/revisions"}],"predecessor-version":[{"id":5852,"href":"https:\/\/thouvenin.com\/en\/wp-json\/wp\/v2\/posts\/5834\/revisions\/5852"}],"wp:featuredmedia":[{"embeddable":true,"href":"https:\/\/thouvenin.com\/en\/wp-json\/wp\/v2\/media\/5308"}],"wp:attachment":[{"href":"https:\/\/thouvenin.com\/en\/wp-json\/wp\/v2\/media?parent=5834"}],"wp:term":[{"taxonomy":"category","embeddable":true,"href":"https:\/\/thouvenin.com\/en\/wp-json\/wp\/v2\/categories?post=5834"},{"taxonomy":"post_tag","embeddable":true,"href":"https:\/\/thouvenin.com\/en\/wp-json\/wp\/v2\/tags?post=5834"}],"curies":[{"name":"wp","href":"https:\/\/api.w.org\/{rel}","templated":true}]}}